{"id":382357,"date":"2025-09-11T08:53:09","date_gmt":"2025-09-11T08:53:09","guid":{"rendered":"https:\/\/www.europesays.com\/fr\/382357\/"},"modified":"2025-09-11T08:53:09","modified_gmt":"2025-09-11T08:53:09","slug":"nice-des-vetements-de-grandes-marques-a-prix-casses-en-vente-dans-ce-centre-commercial","status":"publish","type":"post","link":"https:\/\/www.europesays.com\/fr\/382357\/","title":{"rendered":"Nice. Des v\u00eatements de grandes marques \u00e0 prix cass\u00e9s en vente dans ce centre commercial"},"content":{"rendered":"<p>            Par<br \/>\n        <strong><br \/>\n            <a href=\"https:\/\/actu.fr\/auteur\/ugo-maillard\" title=\"Consulter tous les articles de Ugo Maillard\" rel=\"nofollow noopener\" target=\"_blank\">Ugo Maillard<\/a><br \/>\n        <\/strong><\/p>\n<p>        Publi\u00e9 le<\/p>\n<p>            11 sept. 2025 \u00e0 10h14        <\/p>\n<p>Le rendez-vous est donn\u00e9 devant en face de la boutique Bouygues Telecom. Le centre commercial de <a href=\"https:\/\/actu.fr\/nice\/\" rel=\"nofollow noopener\" target=\"_blank\">Nice<\/a> Lingosti\u00e8re accueille une <strong>vente \u00e9ph\u00e9m\u00e8re de v\u00eatements de marques<\/strong>, du jeudi\u00a011 au samedi 20\u00a0septembre 2025.<\/p>\n<p>    <a href=\"https:\/\/www.google.com\/maps\/embed?pb=!1m18!1m12!1m3!1d9981.389531532379!2d7.185643474262895!3d43.73119498097318!2m3!1f0!2f0!3f0!3m2!1i1024!2i768!4f13.1!3m3!1m2!1s0x12cdcff92805cf9b%3A0x8ad52ee13ead05f0!2sCentre%20commercial%20Carrefour%20Nice%20Lingosti%C3%A8re!5e0!3m2!1sfr!2sfr!4v1757574303866!5m2!1sfr!2sfr\" title=\"Ouvrie le lien\" rel=\"nofollow noopener\" target=\"_blank\">Cliquez ici pour visualiser le contenu<\/a><\/p>\n<p class=\" wall-content\">L\u2019entreprise <strong>LF Destock<\/strong>, sp\u00e9cialis\u00e9e dans le d\u00e9stockage de v\u00eatements de grandes marques \u00e0 prix cass\u00e9s, est \u00e0 l\u2019initiative de cet \u00e9v\u00e8nement.<\/p>\n<p>Jusqu\u2019\u00e0 -70\u2009%<\/p>\n<p class=\" wall-content\">La vente \u00e9ph\u00e9m\u00e8re organis\u00e9e durant pr\u00e8s de 10\u00a0jours propose des v\u00eatements pour femme, homme et enfant, avec des r\u00e9ductions <strong>de -30\u2009% \u00e0 -70\u2009%<\/strong> par rapport au prix magasin.<\/p>\n<p class=\" wall-content\">Parmi les marques pr\u00e9sentes dans les all\u00e9es du point de vente, les clients de Lingosti\u00e8re peuvent retrouver\u00a0Tommy Hilfiger, Jott ou encore Diesel.<\/p>\n<p class=\" wall-content\">\u00ab\u2009\u00c0 titre d\u2019exemple, il faut compter 70\u00a0euros pour une doudoune Jott pour enfant contre 140\u00a0euros en magasin et 50\u00a0euros le jean Salsa contre 100\u00a0euros en magasin\u2009\u00bb, indique l\u2019entreprise LF Destock.<\/p>\n<p class=\" wall-content\">Personnalisez votre actualit\u00e9 en ajoutant vos villes et m\u00e9dias en favori avec <a href=\"https:\/\/moncompte.actu.fr\" title=\"D\u00e9couvez Mon Actu\" rel=\"nofollow noopener\" data-trk=\"{&quot;cta&quot;:{&quot;action&quot;:&quot;https:\\\/\\\/moncompte.actu.fr&quot;,&quot;category&quot;:&quot;mon compte&quot;,&quot;from&quot;:&quot;article footer&quot;,&quot;name&quot;:&quot;Mon actu&quot;,&quot;type&quot;:&quot;cta&quot;}}\" target=\"_blank\">Mon Actu<\/a>.<\/p>\n","protected":false},"excerpt":{"rendered":"Par Ugo Maillard Publi\u00e9 le 11 sept. 2025 \u00e0 10h14 Le rendez-vous est donn\u00e9 devant en face de&hellip;\n","protected":false},"author":2,"featured_media":382358,"comment_status":"","ping_status":"","sticky":false,"template":"","format":"standard","meta":{"footnotes":""},"categories":[2819],"tags":[1111,11,215,1777,674,1011,27,1305,12,2401,882,25],"class_list":{"0":"post-382357","1":"post","2":"type-post","3":"status-publish","4":"format-standard","5":"has-post-thumbnail","7":"category-nice","8":"tag-actu","9":"tag-actualites","10":"tag-commerce","11":"tag-eu","12":"tag-europe","13":"tag-fr","14":"tag-france","15":"tag-lifestyle","16":"tag-news","17":"tag-nice","18":"tag-provence-alpes-cote-dazur","19":"tag-republique-francaise"},"share_on_mastodon":{"url":"https:\/\/pubeurope.com\/@fr\/115184822613624055","error":""},"_links":{"self":[{"href":"https:\/\/www.europesays.com\/fr\/wp-json\/wp\/v2\/posts\/382357","targetHints":{"allow":["GET"]}}],"collection":[{"href":"https:\/\/www.europesays.com\/fr\/wp-json\/wp\/v2\/posts"}],"about":[{"href":"https:\/\/www.europesays.com\/fr\/wp-json\/wp\/v2\/types\/post"}],"author":[{"embeddable":true,"href":"https:\/\/www.europesays.com\/fr\/wp-json\/wp\/v2\/users\/2"}],"replies":[{"embeddable":true,"href":"https:\/\/www.europesays.com\/fr\/wp-json\/wp\/v2\/comments?post=382357"}],"version-history":[{"count":0,"href":"https:\/\/www.europesays.com\/fr\/wp-json\/wp\/v2\/posts\/382357\/revisions"}],"wp:featuredmedia":[{"embeddable":true,"href":"https:\/\/www.europesays.com\/fr\/wp-json\/wp\/v2\/media\/382358"}],"wp:attachment":[{"href":"https:\/\/www.europesays.com\/fr\/wp-json\/wp\/v2\/media?parent=382357"}],"wp:term":[{"taxonomy":"category","embeddable":true,"href":"https:\/\/www.europesays.com\/fr\/wp-json\/wp\/v2\/categories?post=382357"},{"taxonomy":"post_tag","embeddable":true,"href":"https:\/\/www.europesays.com\/fr\/wp-json\/wp\/v2\/tags?post=382357"}],"curies":[{"name":"wp","href":"https:\/\/api.w.org\/{rel}","templated":true}]}}