{"id":382361,"date":"2025-09-11T08:55:31","date_gmt":"2025-09-11T08:55:31","guid":{"rendered":"https:\/\/www.europesays.com\/fr\/382361\/"},"modified":"2025-09-11T08:55:31","modified_gmt":"2025-09-11T08:55:31","slug":"quel-sera-le-futur-visage-du-centre-bourg-de-cette-ville-pres-de-nantes","status":"publish","type":"post","link":"https:\/\/www.europesays.com\/fr\/382361\/","title":{"rendered":"Quel sera le futur visage du centre-bourg de cette ville pr\u00e8s de Nantes"},"content":{"rendered":"<p>            Par<br \/>\n        <strong><br \/>\n            <a href=\"https:\/\/actu.fr\/auteur\/laurent-fortin\" title=\"Consulter tous les articles de Laurent Fortin\" target=\"_blank\" rel=\"noopener\">Laurent Fortin<\/a><br \/>\n        <\/strong><\/p>\n<p>        Publi\u00e9 le<\/p>\n<p>            11 sept. 2025 \u00e0 7h16        <\/p>\n<p>Le sujet int\u00e9resse. Voire passionne. Plus de 120\u00a0personnes \u00e9taient r\u00e9unies malgr\u00e9 l\u2019extr\u00eame chaleur de la salle du muguet, place de la Treille. En cette fin d\u2019apr\u00e8s-midi, <b>le futur visage du centre-bourg<\/b> <b>allait \u00eatre d\u00e9voil\u00e9<\/b>. Car, depuis quelques semaines, c\u2019est une grande esplanade entour\u00e9e de grilles qui fait d\u00e9sormais face \u00e0 l\u2019entr\u00e9e de l\u2019\u00e9glise.<\/p>\n<p class=\" wall-content\"><b>La dizaine d\u2019habitations qui l\u2019occupaient a \u00e9t\u00e9 totalement d\u00e9truite en quelques mois.<\/b> Seuls <b>plusieurs arbres ont \u00e9t\u00e9 sauvegard\u00e9s<\/b>.<\/p>\n<blockquote class=\"ac-article-quote wall-content\">\n<p>Certains voudraient qu\u2019on laisse les choses ainsi. La vue \u00e9tant agr\u00e9ablement d\u00e9gag\u00e9e. Cela pourrait \u00eatre un choix, mais on a besoin de logements.<\/p>\n<p>Fabrice Cuchot, le maire.<\/p><\/blockquote>\n<p>    <img   decoding=\"async\" loading=\"lazy\" class=\"size-large\" src=\"https:\/\/www.europesays.com\/fr\/wp-content\/uploads\/2025\/09\/0922863ec1c860d22863ec1c8e0328v-960x640.jpg\" alt=\"-\" width=\"960\" height=\"640\"\/><br \/>\n    Les immeubles monteront sur 4 \u00e0 5 niveaux et laisseront la place aux commerces au rez-de-chauss\u00e9e. \u00a9Cabinet Lau<\/p>\n<p class=\" wall-content\">Ce n\u2019est pas celui de l\u2019actuelle municipalit\u00e9. Sur ce qui s\u2019appelle<a href=\"https:\/\/www.facebook.com\/hautegoulaine\/posts\/pfbid02s4yjrvG9ySTjY4M5vuSBhpHGyEVu3ArjVu6RNq3gotGV4q14YiQfbGEvzyUwmEhnl\" target=\"_blank\" rel=\"noopener\"> l\u2019il\u00f4t des Epinettes<\/a> va \u00eatre construit plusieurs immeubles. <b>Des collectifs qui comprendront 54 logements, <\/b>dont 7 \u00e0 loyer mod\u00e9r\u00e9. Un habitant s\u2019est d\u2019ailleurs \u00e9tonn\u00e9 du<b> faible taux d\u2019habitats sociaux (13\u2009%).<\/b><\/p>\n<p>Vid\u00e9os : en ce moment sur Actu<\/p>\n<blockquote class=\"ac-article-quote wall-content\">\n<p>Nous avons d\u2019autres programmes immobiliers ailleurs. Ici, cela g\u00e9n\u00e9rait des co\u00fbts trop \u00e9lev\u00e9s. Nous avons investi 2,5\u00a0millions d\u2019euros pour l\u2019acquisition de l\u2019ensemble. Au bailleur social, nous ne revendrons que 110\u00a0euros le m2.<\/p>\n<p>Le maire qui assure avoir re\u00e7u l\u2019aval de la pr\u00e9fecture.<\/p><\/blockquote>\n<p>Votre r\u00e9gion, votre actu !<\/p>\n<p>Recevez chaque jour les infos qui comptent pour vous.<\/p>\n<p>\t<a href=\"https:\/\/actu.fr\/newsletter\" class=\"ac-btn ac-btn--corner ac-btn--medium ac-btn--blue800\" target=\"_blank\" rel=\"noopener\">S&rsquo;incrire<\/a><br \/>\nIlot\u2009: 700\u00a0m2 de commerces<\/p>\n<p class=\" wall-content\">Des b\u00e2timents qui grimperont puisque, m\u00eame si aucune hauteur n\u2019a \u00e9t\u00e9 annonc\u00e9e, l<b>es images ont montr\u00e9 des ensembles \u00e0 4 voire 5 niveaux,<\/b> avec plus de la moiti\u00e9 des 78 places de stationnement pour les r\u00e9sidents en sous-sol. Le premier sera, sur toutes les fa\u00e7ades qui donnent sur la rue des \u00e9pinettes et la place de l\u2019\u00e9glise, compos\u00e9 de commerces. <b>Au total, 700\u00a0m2 de cellules,<\/b> \u00ab\u2009pour lesquels on a quelques id\u00e9es comme un<b> restaurant ouvrier<\/b> ou un <b>fleuriste<\/b>, et des <b>commerces de bouche\u2009<\/b>\u00bb, exprimait le maire, dont le <a href=\"https:\/\/www.groupechesse.fr\/\" target=\"_blank\" rel=\"noopener\">groupe Chess\u00e9<\/a>, sp\u00e9cialis\u00e9 dans l\u2019am\u00e9nagement commercial, a \u00e9t\u00e9 retenu pour trouver des professionnels int\u00e9ress\u00e9s.<\/p>\n<blockquote class=\"ac-article-quote wall-content\">\n<p>En tout cas, on ne souhaite pas d\u2019agences immobili\u00e8res, d\u2019opticiens ni de grandes enseignes. Elles sont tr\u00e8s bien \u00e0 P\u00f4le sud.<\/p>\n<p>Le maire<\/p><\/blockquote>\n<p>    <img   decoding=\"async\" loading=\"lazy\" class=\"size-large\" src=\"https:\/\/www.europesays.com\/fr\/wp-content\/uploads\/2025\/09\/fd95c63ec1c8602a5c63ec1c8f5a5cv-960x640.jpg\" alt=\"-\" width=\"960\" height=\"640\"\/><br \/>\n    Les trottoirs seront \u00e9largis pour donner la place aux pi\u00e9tons devant les commerces et r\u00e9tr\u00e9cir la chauss\u00e9e. \u00a9cabinet Lau<\/p>\n<p class=\" wall-content\">A c\u0153ur, de cet \u00eelot \u00ab\u2009<b>une v\u00e9g\u00e9talisation forte\u2009\u00bb avec des arbres et une noue<\/b>. Tout comme autour de la <b>placette de la Treille <\/b>qui sera mise en valeur avec son fr\u00eane t\u00e9tard, \u00e0 la jonction de la rue des jardins de Gol\u00e8ne et la<a href=\"http:\/\/google.com\/maps\/place\/Rue+de+la+Treille,+44115+Haute-Goulaine\/@47.1994106,-1.4336638,641m\/data=!3m2!1e3!4b1!4m6!3m5!1s0x4805e686dc544309:0xd40896cd82b4b601!8m2!3d47.199407!4d-1.4310889!16s%2Fg%2F1tcvhgcy?entry=ttu&amp;g_ep=EgoyMDI1MDkwNy4wIKXMDSoASAFQAw%3D%3D\" target=\"_blank\" rel=\"noopener\"> rue de la Treille.<\/a><\/p>\n<p class=\" wall-content\">L\u2019autre pan de cet am\u00e9nagement concerne la <a href=\"https:\/\/www.google.com\/maps\/place\/20+Pl.+de+l&#039;%C3%89glise,+44115+Haute-Goulaine\/@47.1993598,-1.4342506,641m\/data=!3m2!1e3!4b1!4m6!3m5!1s0x4805e686a2585de9:0xceeddbad3b5f61df!8m2!3d47.1993563!4d-1.4293797!16s%2Fg%2F11c1f5yqxl?entry=ttu&amp;g_ep=EgoyMDI1MDkwNy4wIKXMDSoASAFQAw%3D%3D\" target=\"_blank\" rel=\"noopener\">place de l\u2019\u00e9glise.<\/a> Elle <b>restera en sens unique, <\/b>mais la<b> place de la voiture sera consid\u00e9rablement diminu\u00e9e<\/b> en raison de <b>l\u2019\u00e9largissement des trottoirs qui serviront de terrasses\u2009:<\/b><\/p>\n<blockquote class=\"ac-article-quote wall-content\">\n<p>On la rendra moins giratoire.<\/p>\n<p>Fabrice Cuchot<\/p><\/blockquote>\n<blockquote class=\"ac-article-quote wall-content\">\n<p>On essaiera de la v\u00e9g\u00e9taliser au maximum, avec cette contrainte que nous ne pouvons, en raison des vestiges arch\u00e9ologiques, notamment la pr\u00e9sence d\u2019un ancien cimeti\u00e8re, pas creuser, plus que ce qui existe actuellement.<\/p>\n<p>Nag\u00e8ge Mazou\u00e9, architecte urbaniste, du cabinet Lau, qui accompagne la commune dans ces am\u00e9nagements.<\/p><\/blockquote>\n<p>\u00ab\u2009Une identit\u00e9 vignoble place de l\u2019\u00e9glise\u2009\u00bb<\/p>\n<p class=\" wall-content\">La municipalit\u00e9 s\u2019est aussi exprim\u00e9e sur l\u2019esprit qu\u2019elle voulait retrouver\u2009: \u00ab\u2009une i<b>dentit\u00e9 vignoble\u2009<\/b>\u00bb, a martel\u00e9 le maire.<\/p>\n<blockquote class=\"ac-article-quote wall-content\">\n<p>Pas de b\u00e9ton banch\u00e9 comme nous avons eu dans la premi\u00e8re tranche et qui nous a \u00e9t\u00e9 beaucoup reproch\u00e9, mais de la pierre, de la brique et du bois. On a su tirer les enseignements des pr\u00e9c\u00e9dents travaux.<\/p>\n<\/blockquote>\n<p class=\" wall-content\">Toutefois, <b>aucun montant d\u2019investissements<\/b> n\u2019a \u00e9t\u00e9 d\u00e9voil\u00e9. Plusieurs participants \u00e0 la r\u00e9union se sont interrog\u00e9s sur <b>le remplacement des toilettes publiques<\/b>\u2009:<\/p>\n<blockquote class=\"ac-article-quote wall-content\">\n<p>Oui il y en aura de nouveau, comme nous en avons cr\u00e9\u00e9 pr\u00e8s du cimeti\u00e8re et ailleurs, car ceux actuels qui sont sales et naus\u00e9abonds seront d\u00e9truits.<\/p>\n<p>Le maire.<\/p><\/blockquote>\n<p>    <img   decoding=\"async\" loading=\"lazy\" class=\"size-large\" src=\"https:\/\/www.europesays.com\/fr\/wp-content\/uploads\/2025\/09\/4836373ec1c863c36373ec1c810463v-960x640.jpg\" alt=\"-\" width=\"960\" height=\"640\"\/><br \/>\n    L\u2019ensemble laissera la place \u00e0 un centre v\u00e9g\u00e9talis\u00e9. \u00a9Cabinet Lau<\/p>\n<p class=\" wall-content\">L\u2019abri bus sera \u00e9galement d\u00e9plac\u00e9. En parall\u00e8le, la mairie a lanc\u00e9 un <b>appel \u00e0<\/b> <b>manifestation d\u2019int\u00e9r\u00eat pour le presbyt\u00e8re<\/b>\u2009: elle cherche un <b>op\u00e9rateur priv\u00e9 pour le portage de ce projet, <\/b>int\u00e9ress\u00e9 par la gestion de ce site et en capacit\u00e9 d\u2019assurer le financement et le d\u00e9veloppement d\u2019une activit\u00e9. Inoccup\u00e9, ce b\u00e2timent doit devenir un lieu de vie, \u00e9conomique et commercial.<\/p>\n<p class=\" wall-content\">Une<b> heure et demie de pr\u00e9sentation qui a \u00e9t\u00e9 conclue par deux salves d\u2019applaudissements.<\/b> Ce que souhaitait d\u2019abord retenir Fabrice Cuchot.<\/p>\n<blockquote class=\"ac-article-quote wall-content\">\n<p>Ce projet a \u00e9t\u00e9 travaill\u00e9 et approuv\u00e9 par tous les \u00e9lus du conseil municipal (majorit\u00e9 comme minorit\u00e9).<\/p>\n<\/blockquote>\n<p class=\" wall-content\">Quoi qu\u2019il advienne en <b>2026<\/b>,<b> ann\u00e9e d\u2019\u00e9lections municipales<\/b>, les am\u00e9nagements seront r\u00e9alis\u00e9s. Les travaux devraient durer deux bonnes ann\u00e9es. <b>Les inaugurations sont pr\u00e9vues pour fin 2028.<\/b><\/p>\n<p class=\" wall-content\">Personnalisez votre actualit\u00e9 en ajoutant vos villes et m\u00e9dias en favori avec <a href=\"https:\/\/moncompte.actu.fr\" title=\"D\u00e9couvez Mon Actu\" rel=\"nofollow noopener\" data-trk=\"{&quot;cta&quot;:{&quot;action&quot;:&quot;https:\\\/\\\/moncompte.actu.fr&quot;,&quot;category&quot;:&quot;mon compte&quot;,&quot;from&quot;:&quot;article footer&quot;,&quot;name&quot;:&quot;Mon actu&quot;,&quot;type&quot;:&quot;cta&quot;}}\" target=\"_blank\">Mon Actu<\/a>.<\/p>\n","protected":false},"excerpt":{"rendered":"Par Laurent Fortin Publi\u00e9 le 11 sept. 2025 \u00e0 7h16 Le sujet int\u00e9resse. Voire passionne. Plus de 120\u00a0personnes&hellip;\n","protected":false},"author":2,"featured_media":382362,"comment_status":"","ping_status":"","sticky":false,"template":"","format":"standard","meta":{"footnotes":""},"categories":[2818],"tags":[1111,11,1003,1777,674,1011,27,766,12,2636,25,104,1352,2900],"class_list":{"0":"post-382361","1":"post","2":"type-post","3":"status-publish","4":"format-standard","5":"has-post-thumbnail","7":"category-nantes","8":"tag-actu","9":"tag-actualites","10":"tag-budget","11":"tag-eu","12":"tag-europe","13":"tag-fr","14":"tag-france","15":"tag-nantes","16":"tag-news","17":"tag-pays-de-la-loire","18":"tag-republique-francaise","19":"tag-societe","20":"tag-urbanisme","21":"tag-vignoble-nantais"},"share_on_mastodon":{"url":"https:\/\/pubeurope.com\/@fr\/115184830086356963","error":""},"_links":{"self":[{"href":"https:\/\/www.europesays.com\/fr\/wp-json\/wp\/v2\/posts\/382361","targetHints":{"allow":["GET"]}}],"collection":[{"href":"https:\/\/www.europesays.com\/fr\/wp-json\/wp\/v2\/posts"}],"about":[{"href":"https:\/\/www.europesays.com\/fr\/wp-json\/wp\/v2\/types\/post"}],"author":[{"embeddable":true,"href":"https:\/\/www.europesays.com\/fr\/wp-json\/wp\/v2\/users\/2"}],"replies":[{"embeddable":true,"href":"https:\/\/www.europesays.com\/fr\/wp-json\/wp\/v2\/comments?post=382361"}],"version-history":[{"count":0,"href":"https:\/\/www.europesays.com\/fr\/wp-json\/wp\/v2\/posts\/382361\/revisions"}],"wp:featuredmedia":[{"embeddable":true,"href":"https:\/\/www.europesays.com\/fr\/wp-json\/wp\/v2\/media\/382362"}],"wp:attachment":[{"href":"https:\/\/www.europesays.com\/fr\/wp-json\/wp\/v2\/media?parent=382361"}],"wp:term":[{"taxonomy":"category","embeddable":true,"href":"https:\/\/www.europesays.com\/fr\/wp-json\/wp\/v2\/categories?post=382361"},{"taxonomy":"post_tag","embeddable":true,"href":"https:\/\/www.europesays.com\/fr\/wp-json\/wp\/v2\/tags?post=382361"}],"curies":[{"name":"wp","href":"https:\/\/api.w.org\/{rel}","templated":true}]}}