{"id":382367,"date":"2025-09-11T08:58:12","date_gmt":"2025-09-11T08:58:12","guid":{"rendered":"https:\/\/www.europesays.com\/fr\/382367\/"},"modified":"2025-09-11T08:58:12","modified_gmt":"2025-09-11T08:58:12","slug":"saint-malo-bordeaux-sur-quelle-chaine-et-comment-regarder-le-match","status":"publish","type":"post","link":"https:\/\/www.europesays.com\/fr\/382367\/","title":{"rendered":"Saint-Malo-Bordeaux : sur quelle cha\u00eene et comment regarder le match ?"},"content":{"rendered":"<p><img decoding=\"async\" src=\"https:\/\/www.europesays.com\/fr\/wp-content\/uploads\/2025\/07\/671_07aaed426968c8cf4d769c98c7ab1f21.jpg\" alt=\"Saint-Malo-Bordeaux : sur quelle cha\u00eene et comment regarder le match ?\" class=\"img-responsive mt-3\"\/><\/p>\n<p class=\"text-center mb-3\" style=\"font-size: 14px\">\u00a9 Iconsport<\/p>\n<p>      <strong>T\u00e9l\u00e9vis\u00e9 sur TV7 et le D\u00e9brief \u00e0 Chaud sur WebGirondins<\/strong><\/p>\n<p style=\"text-align: justify;\">Pour cette rencontre qui se joue avec du public, vous pouvez assister \u00e0 cette opposition depuis le stade ou devant votre \u00e9cran.<\/p>\n<p style=\"text-align: justify;\">Sud-Ouest et TV7 sont diffuseurs officiels des Girondins de Bordeaux en National 2 cette saison.<\/p>\n<p style=\"text-align: justify;\">Vous pourrez donc regarder ce match en direct sur la cha\u00eene locale TV7 \u00e0 18h ce samedi 13 septembre. La cha\u00eene est accessible sur le site Sud-Ouest et sur le canal 33 de la TNT.<\/p>\n<p style=\"text-align: justify;\">Voici comment la trouver sur les diff\u00e9rentes box Internet : SFR (canal 491), Orange (Canal 355), Bbox (canal 334), free (canal 901).<\/p>\n<p style=\"text-align: justify;\">Le match est aussi disponible sur la cha\u00eene YouTube de TV7.<\/p>\n<p style=\"text-align: justify;\">De plus, nous vous proposons l&rsquo;\u00e9mission Bord terrain \u00e0 17h20, et un live texte sur WebGirondins d\u00e8s 17h45, suivi du D\u00e9brief \u00e0 Chaud du match d\u00e8s 20h en direct sur\u00a0<a href=\"https:\/\/www.youtube.com\/channel\/UCkyRgJ6uhixmPRaSKiEI9aw?view_as=subscriber\" target=\"_blank\" rel=\"noopener nofollow\">notre cha\u00eene YouTube<\/a>\u00a0avec les r\u00e9actions d\u00e8s le coup de sifflet final.<\/p>\n<p style=\"text-align: justify;\">\u00c0 lire &gt;&gt; <strong><a href=\"https:\/\/www.webgirondins.com\/actualite-girondins-girondins-ces-deux-joueurs-qui-depassent-le-salary-cap-de-5000-130378\" target=\"_blank\" rel=\"noopener nofollow\">Ces deux joueurs qui d\u00e9passent le salary cap de 5000\u20ac<\/a><\/strong><\/p>\n<p>Notre podcast court :<\/p>\n","protected":false},"excerpt":{"rendered":"\u00a9 Iconsport T\u00e9l\u00e9vis\u00e9 sur TV7 et le D\u00e9brief \u00e0 Chaud sur WebGirondins Pour cette rencontre qui se joue&hellip;\n","protected":false},"author":2,"featured_media":287493,"comment_status":"","ping_status":"","sticky":false,"template":"","format":"standard","meta":{"footnotes":""},"categories":[2817],"tags":[1111,11,1997,3477,3839,20,3474,43480,1777,674,1011,27,1987,3465,6073,51542,955,3238,12,2219,4789,471,3837,10432,5486,25,3213,3982,2858],"class_list":{"0":"post-382367","1":"post","2":"type-post","3":"status-publish","4":"format-standard","5":"has-post-thumbnail","7":"category-bordeaux","8":"tag-actu","9":"tag-actualites","10":"tag-bordeaux","11":"tag-cette","12":"tag-chaine","13":"tag-comment","14":"tag-decouvrez","15":"tag-deplacent","16":"tag-eu","17":"tag-europe","18":"tag-fr","19":"tag-france","20":"tag-girondins","21":"tag-journee","22":"tag-malo","23":"tag-marville","24":"tag-match","25":"tag-national","26":"tag-news","27":"tag-nouvelle-aquitaine","28":"tag-poule","29":"tag-pour","30":"tag-quelle","31":"tag-regarder","32":"tag-rencontre","33":"tag-republique-francaise","34":"tag-saint","35":"tag-samedi","36":"tag-stade"},"share_on_mastodon":{"url":"https:\/\/pubeurope.com\/@fr\/115184841893584356","error":""},"_links":{"self":[{"href":"https:\/\/www.europesays.com\/fr\/wp-json\/wp\/v2\/posts\/382367","targetHints":{"allow":["GET"]}}],"collection":[{"href":"https:\/\/www.europesays.com\/fr\/wp-json\/wp\/v2\/posts"}],"about":[{"href":"https:\/\/www.europesays.com\/fr\/wp-json\/wp\/v2\/types\/post"}],"author":[{"embeddable":true,"href":"https:\/\/www.europesays.com\/fr\/wp-json\/wp\/v2\/users\/2"}],"replies":[{"embeddable":true,"href":"https:\/\/www.europesays.com\/fr\/wp-json\/wp\/v2\/comments?post=382367"}],"version-history":[{"count":0,"href":"https:\/\/www.europesays.com\/fr\/wp-json\/wp\/v2\/posts\/382367\/revisions"}],"wp:featuredmedia":[{"embeddable":true,"href":"https:\/\/www.europesays.com\/fr\/wp-json\/wp\/v2\/media\/287493"}],"wp:attachment":[{"href":"https:\/\/www.europesays.com\/fr\/wp-json\/wp\/v2\/media?parent=382367"}],"wp:term":[{"taxonomy":"category","embeddable":true,"href":"https:\/\/www.europesays.com\/fr\/wp-json\/wp\/v2\/categories?post=382367"},{"taxonomy":"post_tag","embeddable":true,"href":"https:\/\/www.europesays.com\/fr\/wp-json\/wp\/v2\/tags?post=382367"}],"curies":[{"name":"wp","href":"https:\/\/api.w.org\/{rel}","templated":true}]}}