{"id":382381,"date":"2025-09-11T09:06:11","date_gmt":"2025-09-11T09:06:11","guid":{"rendered":"https:\/\/www.europesays.com\/fr\/382381\/"},"modified":"2025-09-11T09:06:11","modified_gmt":"2025-09-11T09:06:11","slug":"lyon-pourquoi-le-centre-commercial-part-dieu-a-ferme-en-urgence-avec-les-clients-a-linterieur","status":"publish","type":"post","link":"https:\/\/www.europesays.com\/fr\/382381\/","title":{"rendered":"Lyon. Pourquoi le centre commercial Part-Dieu a ferm\u00e9 en urgence avec les clients \u00e0 l&rsquo;int\u00e9rieur"},"content":{"rendered":"<p>            Par<br \/>\n        <strong><br \/>\n            <a href=\"https:\/\/actu.fr\/auteur\/anthony-soudani\" title=\"Consulter tous les articles de Anthony Soudani\" target=\"_blank\" rel=\"noopener\">Anthony Soudani<\/a><br \/>\n        <\/strong><\/p>\n<p>        Publi\u00e9 le<\/p>\n<p>            11 sept. 2025 \u00e0 10h56        <\/p>\n<p>La manifestation <a href=\"https:\/\/actu.fr\/auvergne-rhone-alpes\/lyon_69123\/photos-bloquons-tout-a-lyon-la-manifestation-vire-en-violences-la-presqu-ile-ciblee_63143355.html\" target=\"_blank\" rel=\"noopener\">\u00ab\u00a0Bloquons tout\u00a0\u00bb<\/a> a d\u00e9rap\u00e9 \u00e0 <strong>Lyon<\/strong> mercredi 10 septembre. Apr\u00e8s un rassemblement dans le calme place Guichard, dans le 3e arrondissement, un cort\u00e8ge sauvage compos\u00e9 d\u2019environ <a href=\"https:\/\/actu.fr\/auvergne-rhone-alpes\/lyon_69123\/mouvement-bloquons-tout-a-lyon-voici-le-profil-des-manifestants-du-10-septembre_63145007.html\" target=\"_blank\" rel=\"noopener\">8000 personnes<\/a> a d\u00e9ambul\u00e9 dans les rues sans autorisation.<\/p>\n<p class=\" wall-content\">Les policiers ont rapidement fait usage de gaz lacrymog\u00e8ne pour disperser la foule et \u00e9viter qu\u2019ils atteignent rapidement<strong> la Presqu\u2019\u00eele<\/strong> en d\u00e9but d\u2019apr\u00e8s-midi. Ce qu\u2019ils ont fini par r\u00e9ussir \u00e0 faire, provoquant des <a href=\"https:\/\/actu.fr\/auvergne-rhone-alpes\/lyon_69123\/bloquons-tout-a-lyon-la-soiree-vire-encore-a-la-violence-des-affrontements-en-presqu-ile_63146789.html\" target=\"_blank\" rel=\"noopener\">affrontements en centre-ville jusque dans la soir\u00e9e<\/a>.\u00a0<\/p>\n<p>Le centre commercial ferme avec ses clients \u00e0 l\u2019int\u00e9rieur<\/p>\n<p class=\" wall-content\">En d\u00e9but d\u2019apr\u00e8s-midi, des groupes de casseurs violents laissaient craindre des attaques de commerces. C\u2019est donc par pr\u00e9caution que la s\u00e9curit\u00e9 du centre commercial Westfield La Part-Dieu a ferm\u00e9 les grilles et les portes pendant <strong>une quarantaine de minutes<\/strong>, d\u2019apr\u00e8s <a href=\"https:\/\/www.leprogres.fr\/social\/2025\/09\/10\/bloquons-tout-portes-fermees-40-minutes-au-centre-commercial-part-dieu-des-clients-coinces-a-l-interieur\" target=\"_blank\" rel=\"noopener\">Le Progr\u00e8s<\/a>.\u00a0<\/p>\n<p class=\" wall-content\">Une d\u00e9cision prise alors qu\u2019il y avait plusieurs clients \u00e0 l\u2019int\u00e9rieur. Ils se sont donc retrouv\u00e9s bloqu\u00e9s, sans pouvoir sortir.<\/p>\n<p class=\" wall-content\">Toutefois, cela a permis d\u2019\u00e9viter toute d\u00e9gradation alors que des casseurs circulaient en nombre dans le secteur de la Part-Dieu. Les portes ont finalement \u00e9t\u00e9 rouvertes \u00e0 16h et tout le monde a pu acc\u00e9der au centre ou en sortir de nouveau.<\/p>\n<p class=\" wall-content\">Personnalisez votre actualit\u00e9 en ajoutant vos villes et m\u00e9dias en favori avec <a href=\"https:\/\/moncompte.actu.fr\" title=\"D\u00e9couvez Mon Actu\" rel=\"nofollow noopener\" data-trk=\"{&quot;cta&quot;:{&quot;action&quot;:&quot;https:\\\/\\\/moncompte.actu.fr&quot;,&quot;category&quot;:&quot;mon compte&quot;,&quot;from&quot;:&quot;article footer&quot;,&quot;name&quot;:&quot;Mon actu&quot;,&quot;type&quot;:&quot;cta&quot;}}\" target=\"_blank\">Mon Actu<\/a>.<\/p>\n","protected":false},"excerpt":{"rendered":"Par Anthony Soudani Publi\u00e9 le 11 sept. 2025 \u00e0 10h56 La manifestation \u00ab\u00a0Bloquons tout\u00a0\u00bb a d\u00e9rap\u00e9 \u00e0 Lyon&hellip;\n","protected":false},"author":2,"featured_media":288053,"comment_status":"","ping_status":"","sticky":false,"template":"","format":"standard","meta":{"footnotes":""},"categories":[1889],"tags":[1111,11,2430,47212,1777,674,1011,27,2428,6178,50957,12,25,104],"class_list":{"0":"post-382381","1":"post","2":"type-post","3":"status-publish","4":"format-standard","5":"has-post-thumbnail","7":"category-lyon","8":"tag-actu","9":"tag-actualites","10":"tag-auvergne-rhone-alpes","11":"tag-bloquons-tout","12":"tag-eu","13":"tag-europe","14":"tag-fr","15":"tag-france","16":"tag-lyon","17":"tag-lyon-part-dieu","18":"tag-mouvement-du-10-septembre","19":"tag-news","20":"tag-republique-francaise","21":"tag-societe"},"share_on_mastodon":{"url":"https:\/\/pubeurope.com\/@fr\/115184873435593675","error":""},"_links":{"self":[{"href":"https:\/\/www.europesays.com\/fr\/wp-json\/wp\/v2\/posts\/382381","targetHints":{"allow":["GET"]}}],"collection":[{"href":"https:\/\/www.europesays.com\/fr\/wp-json\/wp\/v2\/posts"}],"about":[{"href":"https:\/\/www.europesays.com\/fr\/wp-json\/wp\/v2\/types\/post"}],"author":[{"embeddable":true,"href":"https:\/\/www.europesays.com\/fr\/wp-json\/wp\/v2\/users\/2"}],"replies":[{"embeddable":true,"href":"https:\/\/www.europesays.com\/fr\/wp-json\/wp\/v2\/comments?post=382381"}],"version-history":[{"count":0,"href":"https:\/\/www.europesays.com\/fr\/wp-json\/wp\/v2\/posts\/382381\/revisions"}],"wp:featuredmedia":[{"embeddable":true,"href":"https:\/\/www.europesays.com\/fr\/wp-json\/wp\/v2\/media\/288053"}],"wp:attachment":[{"href":"https:\/\/www.europesays.com\/fr\/wp-json\/wp\/v2\/media?parent=382381"}],"wp:term":[{"taxonomy":"category","embeddable":true,"href":"https:\/\/www.europesays.com\/fr\/wp-json\/wp\/v2\/categories?post=382381"},{"taxonomy":"post_tag","embeddable":true,"href":"https:\/\/www.europesays.com\/fr\/wp-json\/wp\/v2\/tags?post=382381"}],"curies":[{"name":"wp","href":"https:\/\/api.w.org\/{rel}","templated":true}]}}