{"id":382386,"date":"2025-09-11T09:09:10","date_gmt":"2025-09-11T09:09:10","guid":{"rendered":"https:\/\/www.europesays.com\/fr\/382386\/"},"modified":"2025-09-11T09:09:10","modified_gmt":"2025-09-11T09:09:10","slug":"de-nouvelles-tentatives-de-blocages-a-paris-des-interpellations","status":"publish","type":"post","link":"https:\/\/www.europesays.com\/fr\/382386\/","title":{"rendered":"de nouvelles tentatives de blocages \u00e0 Paris, des interpellations"},"content":{"rendered":"<p>            Par<br \/>\n        <strong><br \/>\n            <a href=\"https:\/\/actu.fr\/auteur\/ines-cussac-actu-fr\" title=\"Consulter tous les articles de In\u00e8s Cussac\" target=\"_blank\" rel=\"noopener\">In\u00e8s Cussac<\/a><br \/>\n        <\/strong><\/p>\n<p>        Publi\u00e9 le<\/p>\n<p>            11 sept. 2025 \u00e0 10h51        <\/p>\n<p>Apr\u00e8s la journ\u00e9e de mercredi 10\u00a0septembre 2025, particuli\u00e8rement mouvement\u00e9e <a href=\"https:\/\/actu.fr\/ile-de-france\/paris_75056\/direct-mouvement-du-10-septembre-les-perturbations-blocages-et-violences-a-paris-et-en-ile-de-france_63139928.html\" target=\"_blank\" rel=\"noopener\">entre manifestations et blocages<\/a> men\u00e9s dans le sillage du mouvement \u00ab\u2009Bloquons tout\u2009\u00bb, la nuit qui a suivi a aussi connu son lot d\u2019actions \u00e0 Paris. Dans une moindre mesure tout de m\u00eame. Ce jeudi 11\u00a0septembre, le pr\u00e9fet de Police Laurent Nu\u00f1ez \u00e9tait l\u2019invit\u00e9 de CNews o\u00f9 il a dress\u00e9 <a href=\"https:\/\/actu.fr\/ile-de-france\/paris_75056\/actions-coups-de-poing-interpellations-le-premier-bilan-du-mouvement-bloquons-tout-le-10-septembre-a-paris_63145211.html\" target=\"_blank\" rel=\"noopener\">le bilan des derni\u00e8res 24\u00a0heures<\/a>. \u00ab<strong>\u2009L\u2019action \u2018Bloquons tout\u2019 a \u00e9t\u00e9 un \u00e9chec<\/strong>. Il n\u2019y a eu aucun blocage malgr\u00e9 les nombreuses tentatives dans des points tr\u00e8s multiples\u2009: blocages du p\u00e9riph\u00e9rique, des lyc\u00e9es, des d\u00e9p\u00f4ts de bus, tentative d\u2019intrusion dans la gare du Nord\u2009\u00bb, s\u2019est-il f\u00e9licit\u00e9. Il a aussi salu\u00e9 le travail des forces de l\u2019ordre, intervenues dans la nuit porte des Lilas puis ce jeudi matin \u00e0 Sciences Po Paris.<\/p>\n<p>Pr\u00e8s de 280 interpellations<\/p>\n<p class=\" wall-content\">La journ\u00e9e de mercredi avait commenc\u00e9 par plusieurs blocages sporadiques sur le p\u00e9riph\u00e9rique notamment. Plus tard, des manifestants s\u2019\u00e9taient rassembl\u00e9s place du Ch\u00e2telet, place de la R\u00e9publique et place des F\u00eates surtout. En parall\u00e8le, des rassemblements sauvages avaient aussi \u00e9maill\u00e9 les rues de la capitale. Pr\u00e8s de 200\u2009000\u00a0personnes ont particip\u00e9 aux mobilisations, <strong>dont 14\u2009000 \u00e0 Paris<\/strong>, selon le ministre de l\u2019Int\u00e9rieur d\u00e9missionnaire Bruno Retailleau.<\/p>\n<p class=\" wall-content\">Au total, 276 interpellations ont eu lieu et 164 d\u2019entre elles ont donn\u00e9 lieu \u00e0 des placements en garde \u00e0 vue, a fait savoir le parquet de Paris. \u00ab\u2009\u00c0 ce stade, aucun fait notable n\u2019a \u00e9t\u00e9 signal\u00e9 au parquet pour la soir\u00e9e, ni la nuit du 10 au 11\u2009\u00bb septembre.<\/p>\n<p class=\" wall-content\">\u00ab\u2009\u00c0 chaque intervention, il y avait des interpellations\u2009\u00bb, a soulign\u00e9 Laurent Nu\u00f1ez pr\u00e9cisant que les derni\u00e8res \u00e9chauffour\u00e9es entre les policiers et les manifestants sont survenues place des F\u00eates mercredi soir, porte des Lilas dans la nuit puis devant Sciences Po Paris ce jeudi matin. Le campus des Grands Moulins de l\u2019universit\u00e9 Paris-Cit\u00e9 a \u00e9galement \u00e9t\u00e9 bloqu\u00e9 par des \u00e9tudiants.<\/p>\n<p class=\" wall-content\">\n<p>\u00ab\u2009M\u00eame doctrine, m\u00eame d\u00e9termination\u2009\u00bb<\/p>\n<p class=\" wall-content\">Dans la poursuite du 10\u00a0septembre, la journ\u00e9e du 18\u00a0septembre devrait \u00eatre marqu\u00e9e par <a href=\"https:\/\/actu.fr\/ile-de-france\/paris_75056\/greve-massive-a-la-ratp-a-paris-et-en-ile-de-france-des-blocages-a-prevoir-avant-le-18-septembre_63134443.html\" target=\"_blank\" rel=\"noopener\">de nouvelles mobilisations<\/a> \u00e0 l\u2019appel de l\u2019Intersyndicale cette fois. \u00ab\u2009Un certain nombre d\u2019assembl\u00e9es g\u00e9n\u00e9rales se sont tenues hier soir, notamment initi\u00e9es par des mouvances d\u2019ultragauche. Ce ne sera <strong>probablement pas de la m\u00eame intensit\u00e9<\/strong> que ce que l\u2019on a connu hier, mais il y aura encore des tentatives d\u2019actions et de blocages\u2009\u00bb, a pr\u00e9venu le pr\u00e9fet de Police sans pr\u00e9ciser le dispositif policier qui sera mis en place. \u00ab\u2009Je ne vais pas donner de chiffre de mobilisation des gendarmes, mais ce que je peux vous dire c\u2019est que l\u2019on aura la m\u00eame doctrine, la m\u00eame d\u00e9termination\u2009\u00bb, a-t-il fait savoir.<\/p>\n<p class=\" wall-content\">Dernier point logistique enfin, la pr\u00e9fecture doit encore plancher avec les organisations syndicales sur l\u2019itin\u00e9raire de la manifestation. La demande de parcours a \u00e9t\u00e9 formul\u00e9e mercredi soir mais ne convient pas \u00e0 Laurent Nu\u00f1ez, \u00ab\u2009pas d\u2019accord avec le point d\u2019arriv\u00e9e qui a \u00e9t\u00e9 d\u00e9clar\u00e9\u2009\u00bb.<\/p>\n<p class=\" wall-content\">Personnalisez votre actualit\u00e9 en ajoutant vos villes et m\u00e9dias en favori avec <a href=\"https:\/\/moncompte.actu.fr\" title=\"D\u00e9couvez Mon Actu\" rel=\"nofollow noopener\" data-trk=\"{&quot;cta&quot;:{&quot;action&quot;:&quot;https:\\\/\\\/moncompte.actu.fr&quot;,&quot;category&quot;:&quot;mon compte&quot;,&quot;from&quot;:&quot;article footer&quot;,&quot;name&quot;:&quot;Mon actu&quot;,&quot;type&quot;:&quot;cta&quot;}}\" target=\"_blank\">Mon Actu<\/a>.<\/p>\n","protected":false},"excerpt":{"rendered":"Par In\u00e8s Cussac Publi\u00e9 le 11 sept. 2025 \u00e0 10h51 Apr\u00e8s la journ\u00e9e de mercredi 10\u00a0septembre 2025, particuli\u00e8rement&hellip;\n","protected":false},"author":2,"featured_media":382387,"comment_status":"","ping_status":"","sticky":false,"template":"","format":"standard","meta":{"footnotes":""},"categories":[1888],"tags":[1111,1928,11,1927,1777,674,1011,27,1272,50957,12,1926,626,1925,1931,25,104],"class_list":{"0":"post-382386","1":"post","2":"type-post","3":"status-publish","4":"format-standard","5":"has-post-thumbnail","7":"category-paris","8":"tag-actu","9":"tag-actu-paris","10":"tag-actualites","11":"tag-actualites-paris","12":"tag-eu","13":"tag-europe","14":"tag-fr","15":"tag-france","16":"tag-manifestations","17":"tag-mouvement-du-10-septembre","18":"tag-news","19":"tag-news-paris","20":"tag-paris","21":"tag-paris-news","22":"tag-prefecture-de-police-de-paris","23":"tag-republique-francaise","24":"tag-societe"},"share_on_mastodon":{"url":"https:\/\/pubeurope.com\/@fr\/115184885005163708","error":""},"_links":{"self":[{"href":"https:\/\/www.europesays.com\/fr\/wp-json\/wp\/v2\/posts\/382386","targetHints":{"allow":["GET"]}}],"collection":[{"href":"https:\/\/www.europesays.com\/fr\/wp-json\/wp\/v2\/posts"}],"about":[{"href":"https:\/\/www.europesays.com\/fr\/wp-json\/wp\/v2\/types\/post"}],"author":[{"embeddable":true,"href":"https:\/\/www.europesays.com\/fr\/wp-json\/wp\/v2\/users\/2"}],"replies":[{"embeddable":true,"href":"https:\/\/www.europesays.com\/fr\/wp-json\/wp\/v2\/comments?post=382386"}],"version-history":[{"count":0,"href":"https:\/\/www.europesays.com\/fr\/wp-json\/wp\/v2\/posts\/382386\/revisions"}],"wp:featuredmedia":[{"embeddable":true,"href":"https:\/\/www.europesays.com\/fr\/wp-json\/wp\/v2\/media\/382387"}],"wp:attachment":[{"href":"https:\/\/www.europesays.com\/fr\/wp-json\/wp\/v2\/media?parent=382386"}],"wp:term":[{"taxonomy":"category","embeddable":true,"href":"https:\/\/www.europesays.com\/fr\/wp-json\/wp\/v2\/categories?post=382386"},{"taxonomy":"post_tag","embeddable":true,"href":"https:\/\/www.europesays.com\/fr\/wp-json\/wp\/v2\/tags?post=382386"}],"curies":[{"name":"wp","href":"https:\/\/api.w.org\/{rel}","templated":true}]}}