{"id":382400,"date":"2025-09-11T09:16:14","date_gmt":"2025-09-11T09:16:14","guid":{"rendered":"https:\/\/www.europesays.com\/fr\/382400\/"},"modified":"2025-09-11T09:16:14","modified_gmt":"2025-09-11T09:16:14","slug":"royaume-uni-le-gouvernement-face-au-defi-dun-budget-sous-pression-de-la-dette","status":"publish","type":"post","link":"https:\/\/www.europesays.com\/fr\/382400\/","title":{"rendered":"Royaume-Uni: le gouvernement face au d\u00e9fi d\u2019un budget sous pression de la dette"},"content":{"rendered":"<p>\n                                                La chanceli\u00e8re de l\u2019\u00c9chiquier, Rachel Reeves, pr\u00e9sentera le budget britannique fin novembre 2025. Endettement record, croissance atone et pressions sociales\u00a0: le gouvernement cherche l\u2019\u00e9quilibre entre rigueur et relance.                    <\/p>\n<p>Depuis plusieurs trimestres, l\u2019\u00e9conomie britannique pi\u00e9tine, avec une croissance autour de 1%. Dans le m\u00eame temps, les taux d\u2019int\u00e9r\u00eat restent tr\u00e8s \u00e9lev\u00e9s, ce qui rench\u00e9rit fortement le co\u00fbt de la dette. Lorsqu\u2019il emprunte sur trente ans, l\u2019\u00c9tat doit d\u00e9sormais payer 5,7% d\u2019int\u00e9r\u00eats, un niveau in\u00e9dit depuis la fin des ann\u00e9es 1990. R\u00e9sultat\u00a0: la charge de la dette d\u00e9passe les 100 milliards de livres par an, soit l\u2019\u00e9quivalent de deux fois le budget militaire du pays.<\/p>\n<p> Des engagements budg\u00e9taires difficiles \u00e0 tenir <\/p>\n<p>Rachel Reeves s\u2019est fix\u00e9e deux r\u00e8gles\u00a0: financer les d\u00e9penses courantes gr\u00e2ce aux recettes fiscales et r\u00e9duire la dette publique en proportion du PIB d\u2019ici 2029-2030. Mais la faiblesse de la croissance, une inflation persistante et la hausse des d\u00e9penses sociales creusent le d\u00e9ficit. Les instituts ind\u00e9pendants estiment qu\u2019un \u00ab\u00a0trou noir\u00a0\u00bb budg\u00e9taire de 40 \u00e0 50 milliards de livres par an pourrait appara\u00eetre. Pour y faire face, la ministre exclut toute hausse des grands imp\u00f4ts pesant sur les m\u00e9nages, ce qui alimente le scepticisme des investisseurs.<\/p>\n<p> Entre rigueur et relance, une \u00e9quation politique d\u00e9licate <\/p>\n<p>Le gouvernement explore plusieurs pistes : hausse cibl\u00e9e de certaines taxes (propri\u00e9t\u00e9, capitaux, secteur bancaire, jeux), lutte contre l\u2019\u00e9vasion fiscale, adaptation des bar\u00e8mes et surtout r\u00e9formes structurelles pour stimuler la productivit\u00e9.<\/p>\n<p>Mais le d\u00e9fi est immense: vieillissement de la population, hausse des d\u00e9penses de sant\u00e9 et de retraites, pouvoir d\u2019achat en berne et <strong><a href=\"https:\/\/www.rfi.fr\/fr\/tag\/consommation\/\" target=\"_self\" class=\"gtm-add-suggested-tag\" rel=\"noopener\">consommation<\/a><\/strong> en recul. En attendant, Rachel Reeves retarde la pr\u00e9sentation du budget pour \u00e9viter un faux pas, et l\u2019ombre de l\u2019\u00e9chec de <strong><a href=\"https:\/\/www.rfi.fr\/fr\/tag\/liz-truss\/\" target=\"_self\" class=\"gtm-add-suggested-tag\" rel=\"noopener\">Liz Truss<\/a><\/strong> en 2022 plane toujours sur Downing Street.<\/p>\n","protected":false},"excerpt":{"rendered":"La chanceli\u00e8re de l\u2019\u00c9chiquier, Rachel Reeves, pr\u00e9sentera le budget britannique fin novembre 2025. Endettement record, croissance atone et&hellip;\n","protected":false},"author":2,"featured_media":382401,"comment_status":"","ping_status":"","sticky":false,"template":"","format":"standard","meta":{"footnotes":""},"categories":[1588],"tags":[11,2577,130,33,313,1777,674,590,2581,12,473,1853,104,1851,1850,1852],"class_list":{"0":"post-382400","1":"post","2":"type-post","3":"status-publish","4":"format-standard","5":"has-post-thumbnail","7":"category-royaume-uni","8":"tag-actualites","9":"tag-aujourdhui-leconomie","10":"tag-consommation","11":"tag-economie","12":"tag-entreprises","13":"tag-eu","14":"tag-europe","15":"tag-finance","16":"tag-keir-starmer","17":"tag-news","18":"tag-royaume-uni","19":"tag-royaume-uni-de-grande-bretagne-et-dirlande-du-nord","20":"tag-societe","21":"tag-uk","22":"tag-united-kingdom","23":"tag-united-kingdom-of-great-britain-and-northern-ireland"},"share_on_mastodon":{"url":"https:\/\/pubeurope.com\/@fr\/115184912809503483","error":""},"_links":{"self":[{"href":"https:\/\/www.europesays.com\/fr\/wp-json\/wp\/v2\/posts\/382400","targetHints":{"allow":["GET"]}}],"collection":[{"href":"https:\/\/www.europesays.com\/fr\/wp-json\/wp\/v2\/posts"}],"about":[{"href":"https:\/\/www.europesays.com\/fr\/wp-json\/wp\/v2\/types\/post"}],"author":[{"embeddable":true,"href":"https:\/\/www.europesays.com\/fr\/wp-json\/wp\/v2\/users\/2"}],"replies":[{"embeddable":true,"href":"https:\/\/www.europesays.com\/fr\/wp-json\/wp\/v2\/comments?post=382400"}],"version-history":[{"count":0,"href":"https:\/\/www.europesays.com\/fr\/wp-json\/wp\/v2\/posts\/382400\/revisions"}],"wp:featuredmedia":[{"embeddable":true,"href":"https:\/\/www.europesays.com\/fr\/wp-json\/wp\/v2\/media\/382401"}],"wp:attachment":[{"href":"https:\/\/www.europesays.com\/fr\/wp-json\/wp\/v2\/media?parent=382400"}],"wp:term":[{"taxonomy":"category","embeddable":true,"href":"https:\/\/www.europesays.com\/fr\/wp-json\/wp\/v2\/categories?post=382400"},{"taxonomy":"post_tag","embeddable":true,"href":"https:\/\/www.europesays.com\/fr\/wp-json\/wp\/v2\/tags?post=382400"}],"curies":[{"name":"wp","href":"https:\/\/api.w.org\/{rel}","templated":true}]}}