{"id":382406,"date":"2025-09-11T09:19:18","date_gmt":"2025-09-11T09:19:18","guid":{"rendered":"https:\/\/www.europesays.com\/fr\/382406\/"},"modified":"2025-09-11T09:19:18","modified_gmt":"2025-09-11T09:19:18","slug":"la-pologne-appelle-a-une-reunion-extraordinaire-du-conseil-de-securite-de-lonu-liberation","status":"publish","type":"post","link":"https:\/\/www.europesays.com\/fr\/382406\/","title":{"rendered":"la Pologne appelle \u00e0 une r\u00e9union extraordinaire du Conseil de s\u00e9curit\u00e9 de l\u2019ONU \u2013 Lib\u00e9ration"},"content":{"rendered":"<p class=\"sc-cPiKLX AiZTS text-element\">Le minist\u00e8re polonais des Affaires \u00e9trang\u00e8res a annonc\u00e9 ce jeudi 11\u00a0septembre qu\u2019une r\u00e9union extraordinaire du Conseil de s\u00e9curit\u00e9 de l\u2019ONU se tiendra \u00e0 sa demande, apr\u00e8s <a href=\"https:\/\/www.liberation.fr\/international\/europe\/en-direct-la-violation-par-la-russie-de-lespace-aerien-polonais-semble-intentionnelle-affirme-la-cheffe-de-la-diplomatie-europeenne-20250910_A33XG56VZVFCVOTPAJULCHHEWU\/\" target=\"_blank\" rel=\"noreferrer noopener\" title=\"https:\/\/www.liberation.fr\/international\/europe\/en-direct-la-violation-par-la-russie-de-lespace-aerien-polonais-semble-intentionnelle-affirme-la-cheffe-de-la-diplomatie-europeenne-20250910_A33XG56VZVFCVOTPAJULCHHEWU\/\">l\u2019intrusion, dans la nuit de mardi \u00e0 mercredi, d\u2019une vingtaine de drones pr\u00e9sum\u00e9s russes<\/a> sur son territoire. Jug\u00e9 d\u00e9lib\u00e9r\u00e9 par Varsovie et ses alli\u00e9s mais r\u00e9cus\u00e9 par Moscou, l\u2019\u00e9v\u00e9nement a suscit\u00e9 une vive \u00e9motion dans le pays, qui r\u00e9clame un renforcement sur son territoire des capacit\u00e9s militaires de l\u2019UE et de l\u2019Otan. <\/p>\n<p class=\"sc-cPiKLX AiZTS text-element\">Avec cette r\u00e9union, la Pologne entend \u00abattirer l\u2019attention du monde entier sur cette attaque sans pr\u00e9c\u00e9dent men\u00e9e par des drones russes contre un pays membre non seulement de l\u2019ONU, mais aussi de l\u2019Union europ\u00e9enne et de l\u2019Otan\u00bb, a d\u00e9clar\u00e9 le chef de la diplomatie polonaise Radoslaw Sikorski \u00e0 la radio RMF FM. Selon lui, l\u2019intrusion n\u2019est \u00abpas seulement un test pour la Pologne, c\u2019est un test pour toute l\u2019Otan, et pas seulement militaire, mais aussi politique\u00bb. <\/p>\n<p class=\"sc-cPiKLX AiZTS text-element\">Jeudi matin \u00e9galement, Varsovie a annonc\u00e9 une limitation du trafic a\u00e9rien \u00e0 sa fronti\u00e8re orientale, mise en place \u00abpour assurer la s\u00e9curit\u00e9 nationale\u00bb, selon un communiqu\u00e9 de l\u2019agence de navigation a\u00e9rienne polonaise (PAZP). Selon cette agence, \u00e0 la demande de l\u2019arm\u00e9e polonaise, le trafic a\u00e9rien sera ferm\u00e9, sauf rares exceptions, aux vols civils le long de la fronti\u00e8re avec le B\u00e9larus et l\u2019Ukraine, \u00e0 partir de jeudi et jusqu\u2019au 9\u00a0d\u00e9cembre. <\/p>\n<p class=\"sc-cPiKLX AiZTS text-element\">Selon Varsovie, 19 drones sont entr\u00e9s dans la nuit de mardi \u00e0 mercredi dans l\u2019espace a\u00e9rien polonais, sans faire de bless\u00e9s.\u00a0Au moins trois drones, \u00abde fabrication russe\u00bb, selon M. Sikorski, ont \u00e9t\u00e9 abattus par l\u2019arm\u00e9e polonaise \u00e9paul\u00e9e par les alli\u00e9s de l\u2019Otan. Une maison et une voiture ont \u00e9t\u00e9 endommag\u00e9es dans l\u2019est du pays. Les d\u00e9bris de 16\u00a0drones ont \u00e9t\u00e9 retrouv\u00e9s, selon un bilan publi\u00e9 mercredi soir par le minist\u00e8re polonais de l\u2019Int\u00e9rieur. <\/p>\n<p class=\"sc-cPiKLX AiZTS text-element\">L\u2019intrusion a provoqu\u00e9 une avalanche de protestations des alli\u00e9s de la Pologne. Mercredi, le chancelier allemand, Friedrich Merz, a d\u00e9nonc\u00e9 une \u00abaction agressive\u00bb de la Russie et Emmanuel Macron a mis Moscou en garde contre une \u00abfuite en avant\u00bb. \u00abNous soutenons nos alli\u00e9s de l\u2019Otan face \u00e0 ces violations de l\u2019espace a\u00e9rien et d\u00e9fendrons chaque centim\u00e8tre du territoire\u00bb de l\u2019Alliance, a pour sa part promis l\u2019ambassadeur am\u00e9ricain aupr\u00e8s de cette organisation, Matthew Whitaker. La cheffe de la diplomatie europ\u00e9enne, Kaja Kallas, a d\u00e9nonc\u00e9 \u00abla violation la plus grave de l\u2019espace a\u00e9rien europ\u00e9en par la Russie depuis le d\u00e9but de la guerre\u00bb. <\/p>\n<p class=\"sc-cPiKLX AiZTS text-element\">Le Conseil de l\u2019Atlantique Nord, le principal organe de d\u00e9cision politique de l\u2019Alliance, a modifi\u00e9 le m\u00eame jour le format de sa r\u00e9union hebdomadaire pour la tenir dans le cadre de l\u2019article\u00a04 du trait\u00e9 constitutif de cette organisation, dont Varsovie a demand\u00e9 l\u2019activation.\u00a0Celui-ci stipule que \u00ables parties se consulteront chaque fois que, de l\u2019avis de l\u2019une d\u2019elles, l\u2019int\u00e9grit\u00e9 territoriale, l\u2019ind\u00e9pendance politique ou la s\u00e9curit\u00e9 de l\u2019une des parties sera menac\u00e9e\u00bb. <\/p>\n<p class=\"sc-cPiKLX AiZTS text-element\">Jeudi, la Chine, membre permanent du Conseil de s\u00e9curit\u00e9 de l\u2019ONU et soutien diplomatique de Moscou, a appel\u00e9 au \u00abdialogue\u00bb les parties concern\u00e9es. \u00abLa Chine esp\u00e8re que toutes les parties concern\u00e9es r\u00e9soudront de fa\u00e7on appropri\u00e9e leurs diff\u00e9rends par le dialogue et la consultation\u00bb, a indiqu\u00e9 lors d\u2019un point presse r\u00e9gulier Lin Jian, un porte-parole du minist\u00e8re chinois des Affaires \u00e9trang\u00e8res. <\/p>\n<p class=\"sc-cPiKLX AiZTS text-element\"><b>Mise \u00e0 jour <\/b>\u00e0 10 h 48 avec davantage de contexte <\/p>\n","protected":false},"excerpt":{"rendered":"Le minist\u00e8re polonais des Affaires \u00e9trang\u00e8res a annonc\u00e9 ce jeudi 11\u00a0septembre qu\u2019une r\u00e9union extraordinaire du Conseil de s\u00e9curit\u00e9&hellip;\n","protected":false},"author":2,"featured_media":382407,"comment_status":"","ping_status":"","sticky":false,"template":"","format":"standard","meta":{"footnotes":""},"categories":[1586],"tags":[11,1777,674,1779,1011,27,12,136,2437,25,1778,364],"class_list":{"0":"post-382406","1":"post","2":"type-post","3":"status-publish","4":"format-standard","5":"has-post-thumbnail","7":"category-europe","8":"tag-actualites","9":"tag-eu","10":"tag-europe","11":"tag-european-union","12":"tag-fr","13":"tag-france","14":"tag-news","15":"tag-otan","16":"tag-pologne","17":"tag-republique-francaise","18":"tag-ue","19":"tag-union-europeenne"},"share_on_mastodon":{"url":"https:\/\/pubeurope.com\/@fr\/115184924410044105","error":""},"_links":{"self":[{"href":"https:\/\/www.europesays.com\/fr\/wp-json\/wp\/v2\/posts\/382406","targetHints":{"allow":["GET"]}}],"collection":[{"href":"https:\/\/www.europesays.com\/fr\/wp-json\/wp\/v2\/posts"}],"about":[{"href":"https:\/\/www.europesays.com\/fr\/wp-json\/wp\/v2\/types\/post"}],"author":[{"embeddable":true,"href":"https:\/\/www.europesays.com\/fr\/wp-json\/wp\/v2\/users\/2"}],"replies":[{"embeddable":true,"href":"https:\/\/www.europesays.com\/fr\/wp-json\/wp\/v2\/comments?post=382406"}],"version-history":[{"count":0,"href":"https:\/\/www.europesays.com\/fr\/wp-json\/wp\/v2\/posts\/382406\/revisions"}],"wp:featuredmedia":[{"embeddable":true,"href":"https:\/\/www.europesays.com\/fr\/wp-json\/wp\/v2\/media\/382407"}],"wp:attachment":[{"href":"https:\/\/www.europesays.com\/fr\/wp-json\/wp\/v2\/media?parent=382406"}],"wp:term":[{"taxonomy":"category","embeddable":true,"href":"https:\/\/www.europesays.com\/fr\/wp-json\/wp\/v2\/categories?post=382406"},{"taxonomy":"post_tag","embeddable":true,"href":"https:\/\/www.europesays.com\/fr\/wp-json\/wp\/v2\/tags?post=382406"}],"curies":[{"name":"wp","href":"https:\/\/api.w.org\/{rel}","templated":true}]}}