{"id":382412,"date":"2025-09-11T09:25:14","date_gmt":"2025-09-11T09:25:14","guid":{"rendered":"https:\/\/www.europesays.com\/fr\/382412\/"},"modified":"2025-09-11T09:25:14","modified_gmt":"2025-09-11T09:25:14","slug":"vers-une-fin-de-carriere","status":"publish","type":"post","link":"https:\/\/www.europesays.com\/fr\/382412\/","title":{"rendered":"vers une fin de carri\u00e8re ?"},"content":{"rendered":"<p>C\u2019est <strong>un post qui inqui\u00e8te les aficionados du <a data-ilj-link-preview=\"true\" data-excerpt=\"Le Stade Fran\u00e7ais est un club de rugby professionnel bas\u00e9 \u00e0 Paris. Il a \u00e9t\u00e9 fond\u00e9 en 1883 et est l&#039;un des clubs les plus prestigieux de France. Le Stade Fran\u00e7ais \u00e9volue en Top 14.&#013;&#010;Staff et pr\u00e9sidence :&#013;&#010;&#013;&#010; &#009;Pr\u00e9sident : Hans-Peter Wild&#013;&#010; &#009;Entra\u00eeneur : Laurent Labit (directeur du rugby)&#013;&#010; &#009;Karim Ghezal (entra\u00eeneur en chef)&#013;&#010; &#009;Paul Gustard (d\u00e9fense)&#013;&#010;&#013;&#010;Palmar\u00e8s du Stade fran\u00e7ais :&#013;&#010;&#013;&#010;&#013;&#010;&#013;&#010;Comp\u00e9titions&#013;&#010;Titres&#013;&#010;Ann\u00e9es&#013;&#010;&#013;&#010;&#013;&#010;Championnat de France&#013;&#010;Champion&#013;&#010;1893, 1894, 1895, 1897, 1898, 1901, 1903, 1908, 1998, 2000, 2003, 2004, 2007, 2015&#013;&#010;&#013;&#010;&#013;&#010;Vice-champion&#013;&#010;1892, 1896, 1899, 1904, 1905, 1906, 1907, 1927, 2005&#013;&#010;&#013;&#010;&#013;&#010;Challenge europ\u00e9en&#013;&#010;Vainqueur&#013;&#010;2017&#013;&#010;&#013;&#010;&#013;&#010;Coupe de France&#013;&#010;Vainqueur&#013;&#010;1999\" href=\"https:\/\/www.xvovalie.com\/stade-francais\/\" rel=\"nofollow noopener\" target=\"_blank\">Stade Fran\u00e7ais<\/a> Paris<\/strong> depuis hier soir. Sur son compte Instagram, Sekou Macalou troisi\u00e8me ligne des soldats roses, a publi\u00e9 une photo o\u00f9 on le voit poser avec la tenue officielle du club. <strong>Une photo accompagn\u00e9e d\u2019une l\u00e9gende \u00e9nigmatique<\/strong> : \u201cLe temps passe, les saisons d\u00e9filent\u2026 parfois une derni\u00e8re, parfois une nouvelle. Celle-ci aura un go\u00fbt unique\u201c.<\/p>\n<p>Une annonce de fin de carri\u00e8re ? <\/p>\n<p><a href=\"https:\/\/www.xvovalie.com\/tag\/judicael-cancoriet\/\" rel=\"nofollow noopener\" target=\"_blank\">Judica\u00ebl Cancoriet<\/a> a notamment comment\u00e9 : \u201cLast Dance\u201c, comprenez \u201cderni\u00e8re danse\u201c, alors que <a href=\"https:\/\/www.xvovalie.com\/tag\/louis-carbonel\/\" rel=\"nofollow noopener\" target=\"_blank\">Louis Carbonel<\/a> y est all\u00e9 de ces quelques mots : \u201cBonne derni\u00e8re saison Sekou\u201c. <\/p>\n<p>Aussit\u00f4t, les supporters parisiens ont pens\u00e9 \u00e0 <strong>l\u2019annonce de fin de carri\u00e8re<\/strong> d\u2019un joueur devenu au fil des ans l\u2019une des figures du club de la capitale. Malgr\u00e9 quelques baisses de r\u00e9gimes derni\u00e8rement, Sekou Macalou (30 ans, 20 s\u00e9lections) <strong>a port\u00e9 le Stade Fran\u00e7ais pendant de nombreuses ann\u00e9es<\/strong> et a sauv\u00e9 \u00e0 maintes reprises les stadistes. <\/p>\n<p>Ne nous enflammons pas et cela peut \u00e9galement \u00eatre du \u201ctroll\u201d <strong>ou un autre message cach\u00e9<\/strong> comme un possible d\u00e9part l\u2019\u00e9t\u00e9 prochain. Toujours est-il que cette publication reste \u00f4 combien \u00e9nigmatique et <strong>s\u00e8me le doute dans les esprits des suiveurs de notre championnat<\/strong>. <\/p>\n<p>Biberonn\u00e9 au rugby, tomb\u00e9 malade de ce sport lors de la Coupe du Monde 2003, alors que je savais \u00e0 peine marcher, je suis le seul sudiste ayant reni\u00e9 le Stade Toulousain pour l\u2019autre Stade\u2026 Fran\u00e7ais. Condamn\u00e9 \u00e0 souffrir avec mon club de c\u0153ur, j\u2019esp\u00e8re vous transmettre mon amour pour la balle ovale \u00e0 travers XV Ovalie !<\/p>\n","protected":false},"excerpt":{"rendered":"C\u2019est un post qui inqui\u00e8te les aficionados du Stade Fran\u00e7ais Paris depuis hier soir. Sur son compte Instagram,&hellip;\n","protected":false},"author":2,"featured_media":382413,"comment_status":"","ping_status":"","sticky":false,"template":"","format":"standard","meta":{"footnotes":""},"categories":[1416],"tags":[1011,27,479,1468,19814,60,10673,478],"class_list":{"0":"post-382412","1":"post","2":"type-post","3":"status-publish","4":"format-standard","5":"has-post-thumbnail","7":"category-rugby","8":"tag-fr","9":"tag-france","10":"tag-rugby","11":"tag-rugby-football","12":"tag-sekou-macalou","13":"tag-sports","14":"tag-stade-franu00e7ais","15":"tag-top-14"},"share_on_mastodon":{"url":"https:\/\/pubeurope.com\/@fr\/115184947910715012","error":""},"_links":{"self":[{"href":"https:\/\/www.europesays.com\/fr\/wp-json\/wp\/v2\/posts\/382412","targetHints":{"allow":["GET"]}}],"collection":[{"href":"https:\/\/www.europesays.com\/fr\/wp-json\/wp\/v2\/posts"}],"about":[{"href":"https:\/\/www.europesays.com\/fr\/wp-json\/wp\/v2\/types\/post"}],"author":[{"embeddable":true,"href":"https:\/\/www.europesays.com\/fr\/wp-json\/wp\/v2\/users\/2"}],"replies":[{"embeddable":true,"href":"https:\/\/www.europesays.com\/fr\/wp-json\/wp\/v2\/comments?post=382412"}],"version-history":[{"count":0,"href":"https:\/\/www.europesays.com\/fr\/wp-json\/wp\/v2\/posts\/382412\/revisions"}],"wp:featuredmedia":[{"embeddable":true,"href":"https:\/\/www.europesays.com\/fr\/wp-json\/wp\/v2\/media\/382413"}],"wp:attachment":[{"href":"https:\/\/www.europesays.com\/fr\/wp-json\/wp\/v2\/media?parent=382412"}],"wp:term":[{"taxonomy":"category","embeddable":true,"href":"https:\/\/www.europesays.com\/fr\/wp-json\/wp\/v2\/categories?post=382412"},{"taxonomy":"post_tag","embeddable":true,"href":"https:\/\/www.europesays.com\/fr\/wp-json\/wp\/v2\/tags?post=382412"}],"curies":[{"name":"wp","href":"https:\/\/api.w.org\/{rel}","templated":true}]}}