{"id":382414,"date":"2025-09-11T09:26:16","date_gmt":"2025-09-11T09:26:16","guid":{"rendered":"https:\/\/www.europesays.com\/fr\/382414\/"},"modified":"2025-09-11T09:26:16","modified_gmt":"2025-09-11T09:26:16","slug":"atp-becker-djokovic-a-admis-quil-ne-pourrait-plus-gagner-son-25eme-titre-en-grand-chelem-cest-pour-cela-que-je-me-demande-pourquoi-il-va-continuer-a-jouer","status":"publish","type":"post","link":"https:\/\/www.europesays.com\/fr\/382414\/","title":{"rendered":"ATP > Becker : \u00ab\u00a0Djokovic a admis qu&rsquo;il ne pourrait plus gagner son 25\u00e8me titre en Grand Chelem, c&rsquo;est pour cela que je me demande pourquoi il va continuer \u00e0 jouer\u00a0\u00bb"},"content":{"rendered":"<p>Boris a r\u00e9pondu aux ques\u00adtions de Petkovic lors de son tradi\u00adtionnel podcast.\u00a0<\/p>\n<p>Pour l\u2019an\u00adcien joueur alle\u00admand, l\u2019US Open a clai\u00adre\u00adment mis fin aux suppu\u00adta\u00adtions et espoirs de Novak Djokovic.<\/p>\n<p>\u2018<strong>Le fait qu\u2019il soit r\u00e9el\u00adle\u00adment le troi\u00adsi\u00e8me joueur le plus fort du circuit est tr\u00e8s positif pour le Serbe, mais en r\u00e9alit\u00e9 n\u00e9gatif pour les autres. D\u2019une part, Novak a \u00e9gale\u00adment admis pour la premi\u00e8re fois apr\u00e8s le match qu\u2019il n\u2019\u00e9tait plus possible pour lui de jouer contre Sinner ou Alcaraz. Et il ne sait pas non plus combien de temps sa carri\u00e8re en Grand Chelem va encore durer. Pourquoi joue\u2010t\u2010il au tennis\u202f? Pour remporter Rome, Monte\u2010Carlo ou Cincinnati pour la 17e fois ou pour gagner 25 autres titres du Grand Chelem\u202f? Je pense que c\u2019est la deuxi\u00e8me option. Et je pense qu\u2019il a main\u00adte\u00adnant admis qu\u2019en raison de son \u00e2ge et de la force des jeunes joueurs, il ne peut plus raison\u00adna\u00adble\u00adment y parvenir.\u00a0<\/strong><\/p>\n<p class=\"post-published-date\" style=\"color: silver; font-size: 75%; text-align: left;\">Publi\u00e9 le jeudi 11 septembre 2025 \u00e0 10:40<\/p>\n","protected":false},"excerpt":{"rendered":"Boris a r\u00e9pondu aux ques\u00adtions de Petkovic lors de son tradi\u00adtionnel podcast.\u00a0 Pour l\u2019an\u00adcien joueur alle\u00admand, l\u2019US Open&hellip;\n","protected":false},"author":2,"featured_media":382415,"comment_status":"","ping_status":"","sticky":false,"template":"","format":"standard","meta":{"footnotes":""},"categories":[1415],"tags":[1744,105,1011,27,2127,60,1467],"class_list":{"0":"post-382414","1":"post","2":"type-post","3":"status-publish","4":"format-standard","5":"has-post-thumbnail","7":"category-tennis","8":"tag-alcaraz","9":"tag-djokovic","10":"tag-fr","11":"tag-france","12":"tag-sinner","13":"tag-sports","14":"tag-tennis"},"share_on_mastodon":{"url":"https:\/\/pubeurope.com\/@fr\/115184951837173882","error":""},"_links":{"self":[{"href":"https:\/\/www.europesays.com\/fr\/wp-json\/wp\/v2\/posts\/382414","targetHints":{"allow":["GET"]}}],"collection":[{"href":"https:\/\/www.europesays.com\/fr\/wp-json\/wp\/v2\/posts"}],"about":[{"href":"https:\/\/www.europesays.com\/fr\/wp-json\/wp\/v2\/types\/post"}],"author":[{"embeddable":true,"href":"https:\/\/www.europesays.com\/fr\/wp-json\/wp\/v2\/users\/2"}],"replies":[{"embeddable":true,"href":"https:\/\/www.europesays.com\/fr\/wp-json\/wp\/v2\/comments?post=382414"}],"version-history":[{"count":0,"href":"https:\/\/www.europesays.com\/fr\/wp-json\/wp\/v2\/posts\/382414\/revisions"}],"wp:featuredmedia":[{"embeddable":true,"href":"https:\/\/www.europesays.com\/fr\/wp-json\/wp\/v2\/media\/382415"}],"wp:attachment":[{"href":"https:\/\/www.europesays.com\/fr\/wp-json\/wp\/v2\/media?parent=382414"}],"wp:term":[{"taxonomy":"category","embeddable":true,"href":"https:\/\/www.europesays.com\/fr\/wp-json\/wp\/v2\/categories?post=382414"},{"taxonomy":"post_tag","embeddable":true,"href":"https:\/\/www.europesays.com\/fr\/wp-json\/wp\/v2\/tags?post=382414"}],"curies":[{"name":"wp","href":"https:\/\/api.w.org\/{rel}","templated":true}]}}