{"id":382418,"date":"2025-09-11T09:29:13","date_gmt":"2025-09-11T09:29:13","guid":{"rendered":"https:\/\/www.europesays.com\/fr\/382418\/"},"modified":"2025-09-11T09:29:13","modified_gmt":"2025-09-11T09:29:13","slug":"apres-la-rally4-la-rally2-lancia-devoile-son-ypsilon-ht-integrale-et-ce-nest-que-le-debut","status":"publish","type":"post","link":"https:\/\/www.europesays.com\/fr\/382418\/","title":{"rendered":"Apr\u00e8s la Rally4, la Rally2 : Lancia d\u00e9voile son Ypsilon HT Integrale, &lsquo;et ce n&rsquo;est que le d\u00e9but&rsquo;"},"content":{"rendered":"<p>Confi\u00e9e lors de diff\u00e9rentes s\u00e9ances d&rsquo;essais \u00e0 l&rsquo;exp\u00e9riment\u00e9 pilote fran\u00e7ais <strong>Yoann Bonato<\/strong>, la nouvelle Lancia Ypsilon Rally2 HF Integrale est attendue sur les sp\u00e9ciales du Championnat du Monde des Rallyes, voire de l&rsquo;ERC et des diff\u00e9rents championnats nationaux, d\u00e8s la saison prochaine.<\/p>\n<p>Et puisque \u00ab\u00a0ce n&rsquo;est que le d\u00e9but\u00a0\u00bb, un grand changement de r\u00e9glementation \u00e9tant attendu en 2027 en WRC (avec des voitures de la cat\u00e9gorie reine moins ch\u00e8res, plus abordables pour les constructeurs et m\u00eame les \u00e9quipes priv\u00e9es), on peut supposer que la marque italienne planche sur un retour au plus haut niveau, dans la foul\u00e9e de cette nouvelle avanc\u00e9e majeure&#8230;<\/p>\n","protected":false},"excerpt":{"rendered":"Confi\u00e9e lors de diff\u00e9rentes s\u00e9ances d&rsquo;essais \u00e0 l&rsquo;exp\u00e9riment\u00e9 pilote fran\u00e7ais Yoann Bonato, la nouvelle Lancia Ypsilon Rally2 HF&hellip;\n","protected":false},"author":2,"featured_media":382419,"comment_status":"","ping_status":"","sticky":false,"template":"","format":"standard","meta":{"footnotes":""},"categories":[1412],"tags":[1451,1452,1453,1454,1455,1011,27,60],"class_list":{"0":"post-382418","1":"post","2":"type-post","3":"status-publish","4":"format-standard","5":"has-post-thumbnail","7":"category-f1","8":"tag-f1","9":"tag-formula-1","10":"tag-formula1","11":"tag-formule-1","12":"tag-formule1","13":"tag-fr","14":"tag-france","15":"tag-sports"},"share_on_mastodon":{"url":"https:\/\/pubeurope.com\/@fr\/115184963692220344","error":""},"_links":{"self":[{"href":"https:\/\/www.europesays.com\/fr\/wp-json\/wp\/v2\/posts\/382418","targetHints":{"allow":["GET"]}}],"collection":[{"href":"https:\/\/www.europesays.com\/fr\/wp-json\/wp\/v2\/posts"}],"about":[{"href":"https:\/\/www.europesays.com\/fr\/wp-json\/wp\/v2\/types\/post"}],"author":[{"embeddable":true,"href":"https:\/\/www.europesays.com\/fr\/wp-json\/wp\/v2\/users\/2"}],"replies":[{"embeddable":true,"href":"https:\/\/www.europesays.com\/fr\/wp-json\/wp\/v2\/comments?post=382418"}],"version-history":[{"count":0,"href":"https:\/\/www.europesays.com\/fr\/wp-json\/wp\/v2\/posts\/382418\/revisions"}],"wp:featuredmedia":[{"embeddable":true,"href":"https:\/\/www.europesays.com\/fr\/wp-json\/wp\/v2\/media\/382419"}],"wp:attachment":[{"href":"https:\/\/www.europesays.com\/fr\/wp-json\/wp\/v2\/media?parent=382418"}],"wp:term":[{"taxonomy":"category","embeddable":true,"href":"https:\/\/www.europesays.com\/fr\/wp-json\/wp\/v2\/categories?post=382418"},{"taxonomy":"post_tag","embeddable":true,"href":"https:\/\/www.europesays.com\/fr\/wp-json\/wp\/v2\/tags?post=382418"}],"curies":[{"name":"wp","href":"https:\/\/api.w.org\/{rel}","templated":true}]}}