{"id":382420,"date":"2025-09-11T09:30:15","date_gmt":"2025-09-11T09:30:15","guid":{"rendered":"https:\/\/www.europesays.com\/fr\/382420\/"},"modified":"2025-09-11T09:30:15","modified_gmt":"2025-09-11T09:30:15","slug":"un-contre-la-montre-saborde-le-classement","status":"publish","type":"post","link":"https:\/\/www.europesays.com\/fr\/382420\/","title":{"rendered":"un contre la montre sabord\u00e9, le classement"},"content":{"rendered":"<p class=\"app_entry_lead\">\n<p>                    <a title=\"\" href=\"https:\/\/www.europesays.com\/fr\/wp-content\/uploads\/2025\/09\/80074679.jpg\" class=\"fancy\"><\/p>\n<p>                            <img loading=\"lazy\" decoding=\"async\" src=\"https:\/\/www.europesays.com\/fr\/wp-content\/uploads\/2025\/09\/80074679.jpg\" alt=\"Vuelta 2025\u00a0: un contre la montre sabord\u00e9, le classement\" width=\"1500\" height=\"1000\"\/><\/p>\n<p>                    <\/a><\/p>\n<p>                Le Tour d&rsquo;Espagne se d\u00e9roule du 23\u00a0ao\u00fbt au 14\u00a0septembre avec de grandes attentes autour de Vingegaard&#8230; Mais pas que.<\/p>\n<p>            &#13;<\/p>\n<p>Sommaire<\/p>\n<p>&#13;<br \/>\n&#13;<br \/>\n&#13;<\/p>\n<p>Une Vuela qui restera dans les annales pour de mauvaises raisons. Apr\u00e8s une multitude d&rsquo;\u00e9tapes perturb\u00e9es par les manifestations pro Palestine, le contre la montre du jeudi 11 septembre est une nouvelle fois impact\u00e9. Pour prot\u00e9ger les coureurs et la s\u00e9curit\u00e9, le chrono qui devait faire plus de 27 kilom\u00e8tres n&rsquo;en fera plus qu&rsquo;une petite douzaine&#8230; Autant dire qu&rsquo;une nouvelle fois, les favoris ne se battront pas vraiment entre eux pour se disputer le maillot rouge.<\/p>\n<p>Derni\u00e8res mises \u00e0 jour<\/p>\n<p><a name=\"post1757579458\"\/>10:30 &#8211; Un chrono.. Tr\u00e8s petit<\/p>\n<p>\u00ab\u00a0Dans le but d&rsquo;assurer une meilleure protection de l&rsquo;\u00e9tape, l&rsquo;organisation de la Vuelta, en coordination avec le Conseil municipal de Valladolid et apr\u00e8s consultation du coll\u00e8ge des commissaires, a d\u00e9cid\u00e9 que l&rsquo;\u00e9tape contre-la-montre de demain\u00a0(jeudi)\u00a0se disputera sur un parcours de 12,2\u00a0km, avec le d\u00e9part et l&rsquo;arriv\u00e9e aux lieux initialement pr\u00e9vus\u00a0\u00bb a lanc\u00e9 les organisateurs de la Vuelta \u00e0 propos de la 18e \u00e9tape.<\/p>\n<p>L&rsquo;\u00e9dition 2025 est tr\u00e8s montagneuse avec 10\u00a0arriv\u00e9es au sommet.<\/p>\n<p><a class=\"fancy\" href=\"https:\/\/img-4.linternaute.com\/IbLX3OHP10DsGJ6QqauXTl2e7yE=\/1080x\/smart\/792089761efa497c8b756cea64708cde\/ccmcms-linternaute\/79044868.png\" rel=\"nofollow noopener\" target=\"_blank\"><img decoding=\"async\" alt=\"\" src=\"https:\/\/www.europesays.com\/fr\/wp-content\/uploads\/2025\/08\/79044868.png\"\/><\/a>&#13;<br \/>\n&#13;<br \/>\n\u00a9\u00a0Vuelta&#13;<\/p>\n<ul>&#13;<\/p>\n<li>Dimanche 24\u00a0ao\u00fbt \u2013\u00a0<strong>Etape 2\u00a0:\u00a0<\/strong>Alba &gt; Limone Piemonte (157\u00a0km)<\/li>\n<p>&#13;<\/p>\n<li>Lundi 25\u00a0ao\u00fbt \u2013\u00a0<strong>Etape 3\u00a0:\u00a0<\/strong>San Maurizio Canavese &gt; Ceres (139\u00a0km)<\/li>\n<p>&#13;<\/p>\n<li>Mardi 26\u00a0ao\u00fbt \u2013\u00a0<strong>Etape 4\u00a0:<\/strong>\u00a0Susa &gt; Voiron (192\u00a0km)<\/li>\n<p>&#13;<\/p>\n<li>Mercredi 27\u00a0ao\u00fbt \u2013<strong>\u00a0Etape 5\u00a0(CLM par \u00e9qu.)\u00a0:\u00a0<\/strong>Figueres &gt; Figueres (20\u00a0km)<\/li>\n<p>&#13;<\/p>\n<li>Jeudi 28\u00a0ao\u00fbt \u2013<strong>\u00a0Etape 6\u00a0:\u00a0<\/strong>Olot &gt; Pal. Andorra (170\u00a0km)<\/li>\n<p>&#13;<\/p>\n<li>Vendredi 29\u00a0ao\u00fbt \u2013<strong>\u00a0Etape 7\u00a0:\u00a0<\/strong>Andorra la Vella.Andorra &gt; Cerler.Huesca La Magia (187\u00a0km)<\/li>\n<p>&#13;<\/p>\n<li>Samedi 30\u00a0ao\u00fbt \u2013<strong>\u00a0Etape 8\u00a0:\u00a0<\/strong>Monz\u00f3n Templario &gt; Zaragoza (187\u00a0km)<\/li>\n<p>&#13;<\/p>\n<li>Dimanche 31\u00a0ao\u00fbt \u2013\u00a0<strong>Etape 9\u00a0:<\/strong>\u00a0Alfaro &gt; Estaci\u00f3n de esqu\u00ed de Valdezcaray (195\u00a0km)<\/li>\n<p>&#13;<\/p>\n<li>Mardi 2\u00a0septembre \u2013\u00a0<strong>Etape 10\u00a0:<\/strong>\u00a0Parque de la Naturaleza Sendaviva &gt; El Ferial Larra Belagua (168\u00a0km)<\/li>\n<p>&#13;<\/p>\n<li>Mercredi 3\u00a0septembre \u2013\u00a0<strong>Etape 11\u00a0:\u00a0<\/strong>Bilbao &gt; Bilbao (167\u00a0km)<\/li>\n<p>&#13;<\/p>\n<li>Jeudi 4\u00a0septembre \u2013\u00a0<strong>Etape 12\u00a0:<\/strong>\u00a0Laredo &gt; Los Corrales de Buelna (143\u00a0km)<\/li>\n<p>&#13;<\/p>\n<li>Vendredi 5\u00a0septembre \u2013\u00a0<strong>Etape 13\u00a0:\u00a0<\/strong>Cabez\u00f3n de la Sal &gt; L&rsquo;Angliru (202\u00a0km)<\/li>\n<p>&#13;<\/p>\n<li>Samedi 6\u00a0septembre \u2013\u00a0<strong>Etape 14\u00a0:\u00a0<\/strong>Avil\u00e9s &gt; Alto de La Farrapona. Lagos de Somiedo (135\u00a0km)<\/li>\n<p>&#13;<\/p>\n<li>Dimanche 7\u00a0septembre \u2013<strong>\u00a0Etape 15\u00a0:\u00a0<\/strong>A Veiga\/Vegadeo &gt; Monforte de Lemos (167\u00a0km)<\/li>\n<p>&#13;<\/p>\n<li>Mardi 9\u00a0septembre \u2013<strong>\u00a0Etape 16\u00a0:<\/strong>\u00a0Poio &gt; Mos.Castro de Herville (172\u00a0km)<\/li>\n<p>&#13;<\/p>\n<li>Mercredi 10\u00a0septembre \u2013\u00a0<strong>Etape 17\u00a0:<\/strong>\u00a0O Barco de Valdeorras &gt; Alto de El Morredero.Ponferrada (137\u00a0km)<\/li>\n<p>&#13;<\/p>\n<li>Jeudi 11\u00a0septembre \u2013\u00a0<strong>Etape 18\u00a0(CLM ind.)\u00a0:<\/strong>\u00a0Valladolid &gt; Valladolid (26\u00a0km)<\/li>\n<p>&#13;<\/p>\n<li>Vendredi 12\u00a0septembre \u2013\u00a0<strong>Etape 19\u00a0:<\/strong>\u00a0Rueda &gt; Guijuelo (159\u00a0km)<\/li>\n<p>&#13;<\/p>\n<li>Samedi 13\u00a0septembre \u2013\u00a0<strong>Etape 20\u00a0:<\/strong>\u00a0Robledo de Chavela &gt; Bola del Mundo. Puerto de Navacerrada (156\u00a0km)<\/li>\n<p>&#13;<\/p>\n<li>Dimanche 14\u00a0septembre \u2013\u00a0<strong>Etape 21\u00a0:<\/strong>\u00a0Alalpardo &gt; Madrid (101\u00a0km)<\/li>\n<p>&#13;\n<\/ul>\n<p>Quelle diffusion ?<\/p>\n<p>En France, comme dans le reste de l&rsquo;Europe, le\u00a0Tour d&rsquo;Espagne 2025\u00a0est diffus\u00e9 en direct et en int\u00e9gralit\u00e9 par\u00a0Eurosport.\u00a0<\/p>\n","protected":false},"excerpt":{"rendered":"Le Tour d&rsquo;Espagne se d\u00e9roule du 23\u00a0ao\u00fbt au 14\u00a0septembre avec de grandes attentes autour de Vingegaard&#8230; Mais pas&hellip;\n","protected":false},"author":2,"featured_media":382421,"comment_status":"","ping_status":"","sticky":false,"template":"","format":"standard","meta":{"footnotes":""},"categories":[1411],"tags":[1154,207,1011,27,60],"class_list":{"0":"post-382420","1":"post","2":"type-post","3":"status-publish","4":"format-standard","5":"has-post-thumbnail","7":"category-cyclisme","8":"tag-cycling","9":"tag-cyclisme","10":"tag-fr","11":"tag-france","12":"tag-sports"},"share_on_mastodon":{"url":"https:\/\/pubeurope.com\/@fr\/115184968096268614","error":""},"_links":{"self":[{"href":"https:\/\/www.europesays.com\/fr\/wp-json\/wp\/v2\/posts\/382420","targetHints":{"allow":["GET"]}}],"collection":[{"href":"https:\/\/www.europesays.com\/fr\/wp-json\/wp\/v2\/posts"}],"about":[{"href":"https:\/\/www.europesays.com\/fr\/wp-json\/wp\/v2\/types\/post"}],"author":[{"embeddable":true,"href":"https:\/\/www.europesays.com\/fr\/wp-json\/wp\/v2\/users\/2"}],"replies":[{"embeddable":true,"href":"https:\/\/www.europesays.com\/fr\/wp-json\/wp\/v2\/comments?post=382420"}],"version-history":[{"count":0,"href":"https:\/\/www.europesays.com\/fr\/wp-json\/wp\/v2\/posts\/382420\/revisions"}],"wp:featuredmedia":[{"embeddable":true,"href":"https:\/\/www.europesays.com\/fr\/wp-json\/wp\/v2\/media\/382421"}],"wp:attachment":[{"href":"https:\/\/www.europesays.com\/fr\/wp-json\/wp\/v2\/media?parent=382420"}],"wp:term":[{"taxonomy":"category","embeddable":true,"href":"https:\/\/www.europesays.com\/fr\/wp-json\/wp\/v2\/categories?post=382420"},{"taxonomy":"post_tag","embeddable":true,"href":"https:\/\/www.europesays.com\/fr\/wp-json\/wp\/v2\/tags?post=382420"}],"curies":[{"name":"wp","href":"https:\/\/api.w.org\/{rel}","templated":true}]}}