{"id":382422,"date":"2025-09-11T09:31:23","date_gmt":"2025-09-11T09:31:23","guid":{"rendered":"https:\/\/www.europesays.com\/fr\/382422\/"},"modified":"2025-09-11T09:31:23","modified_gmt":"2025-09-11T09:31:23","slug":"discussion-entre-mbappe-et-le-psg-il-lache-une-info-exclusive-en-direct","status":"publish","type":"post","link":"https:\/\/www.europesays.com\/fr\/382422\/","title":{"rendered":"Discussion entre Mbapp\u00e9 et le PSG : Il l\u00e2che une info exclusive en direct"},"content":{"rendered":"<p>                    Dan Marciano<br \/>\n                        &#8211;<\/p>\n<p>R\u00e9dacteur<\/p>\n<p>Titulaire d&rsquo;un Master de droit international, je me suis rendu compte au bout de mon parcours universitaire qu&rsquo;il \u00e9tait important d&rsquo;\u00e9voluer dans un domaine que l&rsquo;on appr\u00e9cie. Du jour au lendemain, j&rsquo;ai d\u00e9cid\u00e9 de mettre fin au r\u00eave de mes parents, qui voyaient en moi un futur avocat, pour vivre de ma passion : le sport. Depuis, je couvre les mercatos et l&rsquo;actualit\u00e9 sportive en essayant d&rsquo;informer au mieux les lecteurs.<\/p>\n<p class=\"heading\">Le feuilleton Kylian Mbapp\u00e9 a marqu\u00e9 l\u2019\u00e9t\u00e9 2024. Apr\u00e8s des ann\u00e9es d\u2019attente, l\u2019attaquant fran\u00e7ais a finalement quitt\u00e9 le Paris Saint-Germain pour rejoindre le Real Madrid. Mais selon Fabrice Hawkins, journaliste de RMC, les coulisses de ce d\u00e9part rec\u00e8lent des offres extravagantes et des tensions in\u00e9dites, r\u00e9v\u00e9l\u00e9es dans son livre \u00ab\u00a0De l\u2019enfer au paradis\u00a0\u00bb.<\/p>\n<p>                                            Intertitre 1<\/p>\n<p>L\u2019arriv\u00e9e de <strong>Kylian Mbapp\u00e9 <\/strong>au <a href=\"https:\/\/le10sport.com\/football\/mercato\/tu-dois-quitter-le-psg-il-balance-un-secret-sur-le-transfert-de-mbappe-757367\" rel=\"nofollow noopener\" target=\"_blank\">Real Madrid<\/a> en 2024 a clos l\u2019un des \u00e9pisodes les plus scrut\u00e9s de l\u2019histoire r\u00e9cente du football europ\u00e9en. Pendant des ann\u00e9es, le club merengue a fait du champion du monde 2018 une priorit\u00e9 absolue, voyant en lui l\u2019h\u00e9ritier id\u00e9al de <strong>Cristiano Ronaldo<\/strong> et le futur visage de son projet sportif. Apr\u00e8s une prolongation surprise en 2022 au <strong>PSG, <\/strong>beaucoup pensaient que la fen\u00eatre madril\u00e8ne se refermait pour de bon. Mais au fil des mois, la volont\u00e9 de l\u2019attaquant s\u2019est affirm\u00e9e. Malgr\u00e9 les efforts colossaux consentis par le club parisien pour le retenir, <a href=\"https:\/\/le10sport.com\/football\/ligue1\/psg\/kylian-mbappe-du-jamais-vu-loffre-totalement-folle-du-psg-a-fuite-757347\" rel=\"nofollow noopener\" target=\"_blank\">Mbapp\u00e9 <\/a>a choisi de r\u00e9aliser son r\u00eave et de signer au <strong>Real Madrid. <\/strong><\/p>\n<p>                                            L&rsquo;offre folle du PSG d\u00e9voil\u00e9e<\/p>\n<p>En pleine promotion de son livre \u00ab\u00a0De l\u2019enfer au paradis\u00a0\u00bb,<strong> Fabrice Hawkins<\/strong> a d\u00e9voil\u00e9 les coulisses de ce dossier <strong>Mbapp\u00e9, <\/strong>r\u00e9v\u00e9lant notamment une offre hallucinante du <strong>PSG<\/strong>. \u00ab\u00a0La prolongation de Mbapp\u00e9\u00a0? Ils esp\u00e8rent, mais pas trop quand m\u00eame. On donne des d\u00e9tails dans ce livre jusqu\u2019o\u00f9 ils sont capables d\u2019aller pour le prolonger. Il y a une clause qui est propos\u00e9e \u00e0 Mbapp\u00e9 et son entourage. Le Paris Saint-Germain est pr\u00eat \u00e0 mettre une clause dans l\u2019\u00e9ventualit\u00e9 o\u00f9 un club vient mettre 180M\u20ac et que le PSG refuse, le Paris Saint-Germain donne ces 180M\u20ac \u00e0 Kylian Mbapp\u00e9\u00a0\u00bb a d\u00e9clar\u00e9 le journaliste sur RMC.<\/p>\n<p>                                            \u00ab J\u2019ai \u00e9t\u00e9 surpris d\u2019avoir l\u2019info\u00a0\u00bb<\/p>\n<p>Malgr\u00e9 cette proposition, <strong>Mbapp\u00e9<\/strong> quitta le<strong> PSG<\/strong>. Mis au courant de ce d\u00e9part, <strong>Hawkins <\/strong>s&rsquo;est retrouv\u00e9, malgr\u00e9 lui, au c\u0153ur d&rsquo;un conflit. \u00ab\u00a0Le 13 f\u00e9vrier 2024, Mbapp\u00e9 informe Nasser al-Khela\u00effi qu&rsquo;il va partir. \u00c7a fait alors plusieurs semaines que le pr\u00e9sident veut savoir la d\u00e9cision de Mbapp\u00e9. Al-Khela\u00effi est \u00e9nerv\u00e9 car il a l\u2019impression qu\u2019on l\u2019a fait tourner en bourrique et que son clan avait pris la d\u00e9cision depuis des mois.\u00a0Le lendemain, lors du match face \u00e0 la Real Sociedad, le PSG et l&rsquo;entourage de Mbapp\u00e9 savent que j&rsquo;ai l&rsquo;info. Ils se rejettent la faute, convaincus que l&rsquo;autre clan me l&rsquo;a donn\u00e9e. C&rsquo;est \u00e0 ce moment que commence la croisade m\u00e9diatique des deux parties. Je peux seulement vous dire que j\u2019ai \u00e9t\u00e9 surpris d\u2019avoir l\u2019info\u00a0\u00bb a-t-il l\u00e2ch\u00e9.<\/p>\n","protected":false},"excerpt":{"rendered":"Dan Marciano &#8211; R\u00e9dacteur Titulaire d&rsquo;un Master de droit international, je me suis rendu compte au bout de&hellip;\n","protected":false},"author":2,"featured_media":382423,"comment_status":"","ping_status":"","sticky":false,"template":"","format":"standard","meta":{"footnotes":""},"categories":[1410],"tags":[63,1011,27,60],"class_list":{"0":"post-382422","1":"post","2":"type-post","3":"status-publish","4":"format-standard","5":"has-post-thumbnail","7":"category-football","8":"tag-football","9":"tag-fr","10":"tag-france","11":"tag-sports"},"share_on_mastodon":{"url":"https:\/\/pubeurope.com\/@fr\/115184971623658306","error":""},"_links":{"self":[{"href":"https:\/\/www.europesays.com\/fr\/wp-json\/wp\/v2\/posts\/382422","targetHints":{"allow":["GET"]}}],"collection":[{"href":"https:\/\/www.europesays.com\/fr\/wp-json\/wp\/v2\/posts"}],"about":[{"href":"https:\/\/www.europesays.com\/fr\/wp-json\/wp\/v2\/types\/post"}],"author":[{"embeddable":true,"href":"https:\/\/www.europesays.com\/fr\/wp-json\/wp\/v2\/users\/2"}],"replies":[{"embeddable":true,"href":"https:\/\/www.europesays.com\/fr\/wp-json\/wp\/v2\/comments?post=382422"}],"version-history":[{"count":0,"href":"https:\/\/www.europesays.com\/fr\/wp-json\/wp\/v2\/posts\/382422\/revisions"}],"wp:featuredmedia":[{"embeddable":true,"href":"https:\/\/www.europesays.com\/fr\/wp-json\/wp\/v2\/media\/382423"}],"wp:attachment":[{"href":"https:\/\/www.europesays.com\/fr\/wp-json\/wp\/v2\/media?parent=382422"}],"wp:term":[{"taxonomy":"category","embeddable":true,"href":"https:\/\/www.europesays.com\/fr\/wp-json\/wp\/v2\/categories?post=382422"},{"taxonomy":"post_tag","embeddable":true,"href":"https:\/\/www.europesays.com\/fr\/wp-json\/wp\/v2\/tags?post=382422"}],"curies":[{"name":"wp","href":"https:\/\/api.w.org\/{rel}","templated":true}]}}