{"id":382430,"date":"2025-09-11T09:35:11","date_gmt":"2025-09-11T09:35:11","guid":{"rendered":"https:\/\/www.europesays.com\/fr\/382430\/"},"modified":"2025-09-11T09:35:11","modified_gmt":"2025-09-11T09:35:11","slug":"la-cgt-de-france-televisions-sinsurge-contre-le-dernier-jt-de-lea-salame","status":"publish","type":"post","link":"https:\/\/www.europesays.com\/fr\/382430\/","title":{"rendered":"la CGT de France T\u00e9l\u00e9visions s\u2019insurge contre le dernier JT de L\u00e9a Salam\u00e9"},"content":{"rendered":"<p>    L\u00e9a Salam\u00e9.<br \/>\n                Gilles GUSTINE &#8211; France T\u00e9l\u00e9visions<\/p>\n<p><strong>VID\u00c9O &#8211;<\/strong> Le syndicat a notamment d\u00e9nonc\u00e9 une tentative de \u00abgagner le concours du JT le plus r\u00e9actionnaire\u00bb de la part de la nouvelle pr\u00e9sentatrice du 20 Heures sur France 2 qui a consacr\u00e9 une partie de son \u00e9dition aux violences qui ont \u00e9man\u00e9 du mouvement \u00abBloquons tout!\u00bb.<\/p>\n<p class=\"fig-paragraph\">C\u2019\u00e9tait l\u2019actualit\u00e9 de ce mercredi 10 septembre\u00a0: le mouvement\u00a0<a href=\"http:\/\/www.lefigaro.fr\/actualite-france\/on-brule-les-poubelles-puis-on-brulera-matignon-comme-au-nepal-bloquons-tout-un-mercredi-de-tensions-orchestre-par-l-extreme-gauche-20250910\" target=\"_blank\" data-fig-type=\"Article\" rel=\"noopener\" data-gtm-custom-categorie=\"navigation\" data-gtm-custom-action=\"crossclick\" data-gtm-custom-label=\"Contextuel\" data-gtm-event=\"customEventSPE\" data-fig-domain=\"LEFIGARO\">\u00abBloquons tout\u00a0!\u00bb<\/a> . Couvert par toutes les cha\u00eenes d\u2019information, pass\u00e9 dans la plupart de journaux&#8230; Pour la CGT de France T\u00e9l\u00e9visions, le traitement de cet \u00e9v\u00e8nement dans le Journal t\u00e9l\u00e9vis\u00e9 de 20H de France 2 &#8211; men\u00e9 depuis cette rentr\u00e9e par\u00a0<a href=\"http:\/\/tvmag.lefigaro.fr\/programme-tv\/actu-tele\/quelle-epoque-quand-l-emission-de-lea-salame-fera-t-elle-sa-rentree-sur-france-2-20250906\" target=\"_blank\" data-fig-type=\"Article\" rel=\"noopener\" data-gtm-custom-categorie=\"navigation\" data-gtm-custom-action=\"crossclick\" data-gtm-custom-label=\"Contextuel\" data-gtm-event=\"customEventSPE\" data-fig-domain=\"TVMAG\"><strong>L\u00e9a Salam\u00e9<\/strong><\/a> \u00a0&#8211; \u00abtourne le dos \u00e0 cette population fran\u00e7aise qui continue de d\u00e9fendre le droit l\u00e9gitime de manifester\u00bb.<\/p>\n<p class=\"fig-paragraph\">\u00abPour tenter de gagner le Graal de la meilleure audience devant TF1, la direction de l\u2019information de France T\u00e9l\u00e9visions semble avoir mis\u00e9 sur tout ce qu\u2019il y a de plus rance dans le spectre des opinions politiques\u00bb, \u00e9crit la CGT via un communiqu\u00e9 de presse publi\u00e9 ce mercredi 10 septembre au soir. L\u2019organisation reproche aux \u00e9quipes du 20 Heures de la Deux et \u00e0<a href=\"http:\/\/tvmag.lefigaro.fr\/programme-tv\/audiences-tv\/audiences-quel-score-pour-la-premiere-de-lea-salame-au-journal-de-20-heures-de-france-2-20250902\" target=\"_blank\" data-fig-type=\"Article\" rel=\"noopener\" data-gtm-custom-categorie=\"navigation\" data-gtm-custom-action=\"crossclick\" data-gtm-custom-label=\"Contextuel\" data-gtm-event=\"customEventSPE\" data-fig-domain=\"TVMAG\">\u00a0L\u00e9a Salam\u00e9<\/a>\u00a0d\u2019avoir choisi un angle sur \u00able maintien de l\u2019ordre et des perturbations \u00e0 venir\u00bb, soulignant que le journal t\u00e9l\u00e9vis\u00e9 \u00abocculte totalement les raisons de la col\u00e8re populaire\u00bb. \u00abLe 20H, en passe de gagner le concours du Journal le plus r\u00e9actionnaire\u00bb, peut-on lire.<\/p>\n<p class=\"fig-body-link\">\n            \u00c0 lire aussi<br \/>\n        <a class=\"fig-body-link__link\" href=\"http:\/\/tvmag.lefigaro.fr\/programme-tv\/actu-tele\/vous-faites-le-repondeur-automatique-jean-luc-melenchon-tacle-lea-salame-dans-le-20-heures-de-france-2-20250909\" target=\"_blank\" data-fig-type=\"Article\" rel=\"noopener\" data-gtm-custom-categorie=\"navigation\" data-gtm-custom-action=\"crossclick\" data-gtm-custom-label=\"Contextuel\" data-gtm-event=\"customEventSPE\" data-fig-domain=\"TVMAG\">\u00abVous faites le r\u00e9pondeur automatique\u00a0?\u00bb\u00a0: Jean-Luc M\u00e9lenchon tacle L\u00e9a Salam\u00e9 dans le \u00ab20 Heures\u00bb de France 2<br \/>\n    <\/a>\n<\/p>\n<p>                                    <a class=\"fig-a11y-skip a11y-hidden\" href=\"#fig-a11y-skip-main-inarticle\"><br \/>\n        Passer la publicit\u00e9<br \/>\n    <\/a><\/p>\n<p class=\"fig-paragraph\">\u00abLe sujet sur le dispositif policier mis en place fait un \u00e9talage des moyens de r\u00e9pression que pourront utiliser ces derniers, comme s\u2019ils n\u2019avaient en face d\u2019eux que des casseurs, des voyous et des black bloc\u00bb, peut-on encore lire. \u00abL\u00e9a Salam\u00e9 aurait pu rappeler que la France est le pays europ\u00e9en le plus violent en mati\u00e8re de maintien de l\u2019ordre. (&#8230;) D\u00e9nonc\u00e9e par les syndicats de journalistes, elle ne prend plus en compte le statut de journaliste en cas de violences urbaines. Un mot de solidarit\u00e9 avec les journalistes qui risquent d\u2019\u00eatre trait\u00e9s comme n\u2019importe quel manifestant aurait \u00e9t\u00e9 le bienvenu.\u00bb<\/p>\n<blockquote class=\"fig-quote&#10;    \">\n<p class=\"fig-quote__text\">F\u00e9licitations pour ce Journal d\u2019Ancien R\u00e9gime, pour ce journalisme de cour<\/p>\n<p>            La CGT de France T\u00e9l\u00e9visions\n    <\/p><\/blockquote>\n<p class=\"fig-paragraph\">La CGT de France T\u00e9l\u00e9visions cl\u00f4t son propos de mani\u00e8re toute aussi v\u00e9h\u00e9mente, apr\u00e8s avoir \u00e9voqu\u00e9 le manque de consid\u00e9ration des \u00e9quipes du JT de France 2 pour \u00able naufrage des services publics, les milliardaires qui se gavent, les vraies revendications de la gauche\u00bb. \u00abPour clore le tout, ce Journal pitoyable se termine par l\u2019onction du cardinal Bustillo, un Richard Gere en soutane, qui nous prie de sortir de la lutte des classes. F\u00e9licitations pour ce Journal d\u2019Ancien R\u00e9gime, pour ce journalisme de cour. Quel m\u00e9pris pour les citoyens qui regardent encore le 20 Heures et pour les journalistes qui continuent de faire leur travail, dans l\u2019adversit\u00e9\u00bb, peut-on lire en conclusion.<\/p>\n<p class=\"fig-paragraph\">Malgr\u00e9 les critiques, la pr\u00e9sentatrice semble avoir conquis le public\u00a0: ce mercredi 10 septembre, la JT de 20H sur France 2 signait son plus beau score depuis quatre mois\u00a0: 4,15 millions de t\u00e9l\u00e9spectateurs ont choisi la Deux, soit 21% du public \u00e2g\u00e9 de 4 ans et plus.<\/p>\n","protected":false},"excerpt":{"rendered":"L\u00e9a Salam\u00e9. Gilles GUSTINE &#8211; France T\u00e9l\u00e9visions VID\u00c9O &#8211; Le syndicat a notamment d\u00e9nonc\u00e9 une tentative de \u00abgagner&hellip;\n","protected":false},"author":2,"featured_media":382431,"comment_status":"","ping_status":"","sticky":false,"template":"","format":"standard","meta":{"footnotes":""},"categories":[1356],"tags":[1271,58,59,1011,27,2400,594,3806,252,1364],"class_list":{"0":"post-382430","1":"post","2":"type-post","3":"status-publish","4":"format-standard","5":"has-post-thumbnail","7":"category-television","8":"tag-cgt","9":"tag-divertissement","10":"tag-entertainment","11":"tag-fr","12":"tag-france","13":"tag-france-televisions","14":"tag-france-2","15":"tag-lea-salame","16":"tag-television","17":"tag-tv"},"share_on_mastodon":{"url":"https:\/\/pubeurope.com\/@fr\/115184987664097895","error":""},"_links":{"self":[{"href":"https:\/\/www.europesays.com\/fr\/wp-json\/wp\/v2\/posts\/382430","targetHints":{"allow":["GET"]}}],"collection":[{"href":"https:\/\/www.europesays.com\/fr\/wp-json\/wp\/v2\/posts"}],"about":[{"href":"https:\/\/www.europesays.com\/fr\/wp-json\/wp\/v2\/types\/post"}],"author":[{"embeddable":true,"href":"https:\/\/www.europesays.com\/fr\/wp-json\/wp\/v2\/users\/2"}],"replies":[{"embeddable":true,"href":"https:\/\/www.europesays.com\/fr\/wp-json\/wp\/v2\/comments?post=382430"}],"version-history":[{"count":0,"href":"https:\/\/www.europesays.com\/fr\/wp-json\/wp\/v2\/posts\/382430\/revisions"}],"wp:featuredmedia":[{"embeddable":true,"href":"https:\/\/www.europesays.com\/fr\/wp-json\/wp\/v2\/media\/382431"}],"wp:attachment":[{"href":"https:\/\/www.europesays.com\/fr\/wp-json\/wp\/v2\/media?parent=382430"}],"wp:term":[{"taxonomy":"category","embeddable":true,"href":"https:\/\/www.europesays.com\/fr\/wp-json\/wp\/v2\/categories?post=382430"},{"taxonomy":"post_tag","embeddable":true,"href":"https:\/\/www.europesays.com\/fr\/wp-json\/wp\/v2\/tags?post=382430"}],"curies":[{"name":"wp","href":"https:\/\/api.w.org\/{rel}","templated":true}]}}