{"id":382432,"date":"2025-09-11T09:36:18","date_gmt":"2025-09-11T09:36:18","guid":{"rendered":"https:\/\/www.europesays.com\/fr\/382432\/"},"modified":"2025-09-11T09:36:18","modified_gmt":"2025-09-11T09:36:18","slug":"cetait-la-moindre-des-choses-florent-pagny-explique-pourquoi-il-nevoque-pas-le-cancer-dans-son-nouvel-album","status":"publish","type":"post","link":"https:\/\/www.europesays.com\/fr\/382432\/","title":{"rendered":"\u00ab\u00a0C&rsquo;\u00e9tait la moindre des choses\u00a0\u00bb : Florent Pagny explique pourquoi il n&rsquo;\u00e9voque pas le cancer dans son nouvel album"},"content":{"rendered":"<ul class=\"jsx-862013697 ArticleChapo__List\">\n<li class=\"jsx-862013697 ArticleChapo__List_Item flex\">En r\u00e9mission de son cancer diagnostiqu\u00e9 en 2022, Florent Pagny revient avec un nouvel album : \u00ab\u00a0Grandeur nature\u00a0\u00bb.<\/li>\n<li class=\"jsx-862013697 ArticleChapo__List_Item flex\">Il y livre \u00e0 nouveau sa libert\u00e9 de penser, sur des chansons \u00e9crites notamment par Vianney et Marc Lavoine.<\/li>\n<li class=\"jsx-862013697 ArticleChapo__List_Item flex\">Il \u00e9tait ce mercredi soir l&rsquo;invit\u00e9 exceptionnel du 20H de Gilles Bouleau sur TF1.<\/li>\n<\/ul>\n<p><a href=\"https:\/\/www.tf1info.fr\/emissions\/tf1\/le-20h-11001\/\" rel=\"noopener\" class=\"jsx-484472199 Link jsx-1428418400 jsx-640816507\" target=\"_blank\"><\/p>\n<p style=\"font-weight:400\" class=\"jsx-1837267516\">Suivez la couverture compl\u00e8te<\/p>\n<p style=\"font-weight:800\" class=\"jsx-1837267516\">Le 20H<\/p>\n<p><\/a><\/p>\n<p data-module=\"article-paragraph\" class=\"jsx-3046738180 Paragraph Paragraph__End\">Avec plus de 18 millions d&rsquo;albums vendus, Florent Pagny, 63 ans, revient avec un nouvel opus qui sortira <a href=\"https:\/\/www.tf1info.fr\/culture\/grandeur-nature-le-nouvel-album-de-florent-pagny-sortira-le-12-septembre-2383331.html\" target=\"_blank\" rel=\"noopener\">ce vendredi 12 septembre<\/a> : \u00ab\u00a0Grandeur nature\u00a0\u00bb. Un disque tr\u00e8s intime qu&rsquo;il pr\u00e9sente comme \u00ab\u00a0un voyage\u00a0\u00bb de onze titres dans lequel il aborde, entre autres, l&rsquo;amour et l&rsquo;amiti\u00e9. Mais aucune chanson ne parle de la maladie. Une forme de renaissance ? \u00ab\u00a0Disons que ne pas chanter la maladie, c&rsquo;\u00e9tait la moindre des choses parce que je l&rsquo;ai d\u00e9j\u00e0 v\u00e9cue, je ne vais pas en plus la chanter. Donc, on arr\u00eate tout \u00e7a et puis on part dans le positif, on part dans des messages d&rsquo;amour\u00a0\u00bb, avance-t-il sur le plateau du 20H de TF1.<\/p>\n<p data-module=\"article-paragraph\" class=\"jsx-3046738180 Paragraph Paragraph__End\">\u00ab\u00a0Et puis surtout de la musique qui va pouvoir accompagner la prochaine tourn\u00e9e, quelque chose de dynamique et des messages universels qui concernent tout le monde. Donc j&rsquo;ai vraiment en effet \u00e9loign\u00e9 les messages qui me paraissaient trop personnels\u00a0\u00bb, ajoute-t-il dans la vid\u00e9o \u00e0 retrouver en t\u00eate de cet article.<\/p>\n<blockquote class=\"jsx-2786790838 Quote__Text\"><p>\u00c0 un moment, il va falloir qu&rsquo;on s&rsquo;aime un peu plus et qu&rsquo;on vive un peu plus ensemble. <\/p><\/blockquote>\n<p>Florent Pagny<\/p>\n<p data-module=\"article-paragraph\" class=\"jsx-3046738180 Paragraph\">Un optimisme qui peut para\u00eetre un peu d\u00e9cal\u00e9 par rapport \u00e0 l&rsquo;air du temps. Mais Florent Pagny s&rsquo;en d\u00e9fend. \u00ab\u00a0J&rsquo;esp\u00e8re bien qu&rsquo;on ne va pas vivre que dans l&rsquo;angoisse, la tristesse. Et puis c&rsquo;est vrai que c&rsquo;est une p\u00e9riode un peu compliqu\u00e9e. On ne s&rsquo;est jamais autant ha\u00efs les uns les autres. Et quand on regarde bien, on se dit qu&rsquo;en fait, la seule solution \u00e0 tous nos probl\u00e8mes, ce sera <a href=\"https:\/\/www.tf1info.fr\/culture\/florent-pagny-signe-un-emouvant-retour-avec-la-chanson-t-aimer-encore-ecrite-par-vianney-2368402.html\" target=\"_blank\" rel=\"noopener\">l&rsquo;amour<\/a>. \u00c0 un moment, il va falloir qu&rsquo;on s&rsquo;aime un peu plus et qu&rsquo;on vive un peu plus ensemble. Qu&rsquo;on soit plus libre, plus heureux de partager cette plan\u00e8te et d&rsquo;\u00eatre des citoyens du monde, d&rsquo;\u00eatre simplement des humains. C&rsquo;est peut-\u00eatre plus important que d&rsquo;\u00eatre de droite ou de gauche ou de telle couleur ou de telle religion ou de tel genre. La diff\u00e9rence, c&rsquo;est formidable\u00a0\u00bb, clame-t-il.<\/p>\n<p data-module=\"article-paragraph\" class=\"jsx-3046738180 Paragraph Paragraph__End\">Une ode \u00e0 la vie, car selon lui \u2013 et il sait de quoi il parle &#8211; \u00ab\u00a0la vie, c&rsquo;est quand m\u00eame ce qu&rsquo;il y a de plus sympa\u00a0\u00bb. Il consid\u00e8re en effet que les chanteurs, qu&rsquo;il appelle de plus en plus \u00ab\u00a0des messagers\u00a0\u00bb, ont une mission, celle \u00ab\u00a0de prendre le contre-pied de ce que le quotidien peut apporter de difficile, de dur\u00a0\u00bb. \u00ab\u00a0Nous, on doit apporter du positif. On ne doit pas diviser, on ne doit pas prendre des positions. On doit faire de la musique et chanter et envoyer des messages qui s&rsquo;adressent \u00e0 tout le monde\u00a0\u00bb, affirme-t-il.\u00a0<\/p>\n<p><a href=\"https:\/\/www.tf1info.fr\/culture\/video-replay-sept-a-huit-tf1-jamais-je-ne-me-suis-dit-que-j-allais-y-passer-les-confidences-de-florent-pagny-a-audrey-crespo-mara-2391678.html\" rel=\"noopener\" class=\"jsx-3308031228 Link flex\" target=\"_blank\"><img decoding=\"async\" src=\"https:\/\/www.europesays.com\/fr\/wp-content\/uploads\/2025\/09\/sjr-b0c3fc-0@1x.jpeg\" alt=\"Capture vid\u00e9o LCI\" loading=\"lazy\" importance=\"low\" fetchpriority=\"low\" class=\"\" aria-hidden=\"true\"\/><\/p>\n<p class=\"jsx-3657663356 ReadMoreArticle__Title\">Lire aussi<\/p>\n<p class=\"jsx-3657663356\">\u00ab\u00a0Jamais je ne me suis dit que j&rsquo;allais y passer\u00a0\u00bb : les confidences de Florent Pagny dans \u00ab\u00a0Sept \u00e0 Huit\u00a0\u00bb<\/p>\n<p><\/a><\/p>\n<p data-module=\"article-paragraph\" class=\"jsx-3046738180 Paragraph\">En outre, Florent Pagny est un homme de parole. En novembre 2023, dans ce m\u00eame journal de TF1, il avait assur\u00e9 qu&rsquo;il serait de nouveau sur sc\u00e8ne en 2026. Pari tenu. \u00ab\u00a0Le 28 janvier prochain, je d\u00e9marre une tourn\u00e9e \u00e0 Aix-en-Provence\u00a0\u00bb, annonce-t-il fi\u00e8rement. Avec en premi\u00e8re partie <a href=\"https:\/\/www.tf1info.fr\/culture\/programme-tv-tf1-sebastien-longhi-salvatore-levon-the-voice-2025-qui-sont-les-membres-de-il-cello-les-finalistes-de-florent-pagny-2367653.html\" target=\"_blank\" rel=\"noopener\">le trio lyrique Il Cello<\/a>, qu&rsquo;il a coach\u00e9 jusqu&rsquo;\u00e0 la victoire dans la derni\u00e8re saison de \u00ab\u00a0The Voice\u00a0\u00bb. Il s&rsquo;en \u00e9tonne presque. \u00ab\u00a0Ce n&rsquo;\u00e9tait pas pr\u00e9vu de partir avec une tourn\u00e9e aussi charg\u00e9e, mais quand le succ\u00e8s est l\u00e0, il ne faut pas le d\u00e9nigrer. Il faut l&rsquo;accepter et puis y aller. Donc c&rsquo;est vrai que je voulais faire deux soirs. \u00c0 la fin, je me retrouve \u00e0 faire 4 ou 5 soirs dans chaque ville. Je veux faire une vraie r\u00e9sidence dans 10 grandes villes de France et terminer \u00e0 l&rsquo;Olympia en juin-juillet avec 20 concerts\u00a0\u00bb, d\u00e9taille-t-il.\u00a0<\/p>\n<p data-module=\"article-paragraph\" class=\"jsx-3046738180 Paragraph Paragraph__End\">Pour ce faire, Florent Pagny s&rsquo;est remis au sport. \u00ab\u00a0Parce que \u00e7a va \u00eatre quelque chose de physique\u00a0\u00bb, admet-il. Mais ce qui l&rsquo;anime \u00e0 quelques mois de ce challenge, c&rsquo;est \u00ab\u00a0d&rsquo;arriver avec de nouvelles chansons\u00a0\u00bb. \u00ab\u00a0Parce que chanter tout le temps le m\u00eame r\u00e9pertoire, on finit par tourner en rond. Donc revenir avec un album qui aura toute sa place sur sc\u00e8ne, \u00e7a me fait un vrai plaisir\u00a0\u00bb, conclut-il.<\/p>\n<p>Virginie FAUROUX<\/p>\n","protected":false},"excerpt":{"rendered":"En r\u00e9mission de son cancer diagnostiqu\u00e9 en 2022, Florent Pagny revient avec un nouvel album : \u00ab\u00a0Grandeur nature\u00a0\u00bb.&hellip;\n","protected":false},"author":2,"featured_media":382433,"comment_status":"","ping_status":"","sticky":false,"template":"","format":"standard","meta":{"footnotes":""},"categories":[1355],"tags":[1111,11,1921,101,58,59,3109,1011,27,1922,2952,7593,2041,1361,873,10076,3074,8475,133,2040],"class_list":{"0":"post-382432","1":"post","2":"type-post","3":"status-publish","4":"format-standard","5":"has-post-thumbnail","7":"category-musique","8":"tag-actu","9":"tag-actualites","10":"tag-article-video","11":"tag-cancer","12":"tag-divertissement","13":"tag-entertainment","14":"tag-florent-pagny","15":"tag-fr","16":"tag-france","17":"tag-info","18":"tag-le-20h","19":"tag-marc-lavoine","20":"tag-medias-et-divertissement","21":"tag-music","22":"tag-musique","23":"tag-sorties-culturelles","24":"tag-the-voice","25":"tag-vianney","26":"tag-video","27":"tag-video-culture"},"share_on_mastodon":{"url":"https:\/\/pubeurope.com\/@fr\/115184991643024826","error":""},"_links":{"self":[{"href":"https:\/\/www.europesays.com\/fr\/wp-json\/wp\/v2\/posts\/382432","targetHints":{"allow":["GET"]}}],"collection":[{"href":"https:\/\/www.europesays.com\/fr\/wp-json\/wp\/v2\/posts"}],"about":[{"href":"https:\/\/www.europesays.com\/fr\/wp-json\/wp\/v2\/types\/post"}],"author":[{"embeddable":true,"href":"https:\/\/www.europesays.com\/fr\/wp-json\/wp\/v2\/users\/2"}],"replies":[{"embeddable":true,"href":"https:\/\/www.europesays.com\/fr\/wp-json\/wp\/v2\/comments?post=382432"}],"version-history":[{"count":0,"href":"https:\/\/www.europesays.com\/fr\/wp-json\/wp\/v2\/posts\/382432\/revisions"}],"wp:featuredmedia":[{"embeddable":true,"href":"https:\/\/www.europesays.com\/fr\/wp-json\/wp\/v2\/media\/382433"}],"wp:attachment":[{"href":"https:\/\/www.europesays.com\/fr\/wp-json\/wp\/v2\/media?parent=382432"}],"wp:term":[{"taxonomy":"category","embeddable":true,"href":"https:\/\/www.europesays.com\/fr\/wp-json\/wp\/v2\/categories?post=382432"},{"taxonomy":"post_tag","embeddable":true,"href":"https:\/\/www.europesays.com\/fr\/wp-json\/wp\/v2\/tags?post=382432"}],"curies":[{"name":"wp","href":"https:\/\/api.w.org\/{rel}","templated":true}]}}