{"id":382440,"date":"2025-09-11T09:40:15","date_gmt":"2025-09-11T09:40:15","guid":{"rendered":"https:\/\/www.europesays.com\/fr\/382440\/"},"modified":"2025-09-11T09:40:15","modified_gmt":"2025-09-11T09:40:15","slug":"le-traitement-du-10-septembre-par-lea-salame-au-20-heures-de-france-2-fait-grincer-des-dents-chez-france-televisions","status":"publish","type":"post","link":"https:\/\/www.europesays.com\/fr\/382440\/","title":{"rendered":"Le traitement du 10\u00a0septembre par L\u00e9a Salam\u00e9 au \u00ab\u00a020\u00a0heures\u00a0\u00bb de France 2 fait grincer des dents chez France T\u00e9l\u00e9visions"},"content":{"rendered":"<p>        <img decoding=\"async\" loading=\"lazy\" src=\"https:\/\/www.europesays.com\/fr\/wp-content\/uploads\/2025\/09\/1fdf20e_upload-1-vz97pejq7ntl-screenshot-2025-09-11-09-59-16.png\"  width=\"728\" height=\"409\" alt=\"L\u00e9a Salam\u00e9, ici sur France 2, mercredi 10\u00a0septembre 2025.\"\/>  <\/p>\n<p>France 2<\/p>\n<p>L\u00e9a Salam\u00e9, ici sur France 2, mercredi 10\u00a0septembre 2025.<\/p>\n<p class=\"asset asset-text\">M\u00c9DIAS &#8211; \u00ab\u00a0F\u00e9licitations pour ce journal d\u2019Ancien R\u00e9gime, pour ce journalisme de cour.\u00a0\u00bb Ces mots, ce sont ceux des repr\u00e9sentants syndicalistes de la <a href=\"https:\/\/www.huffingtonpost.fr\/politique\/article\/sophie-binet-accuse-le-gouvernement-d-agiter-la-peur-avant-le-10-septembre_254526.html\" target=\"_blank\" rel=\"noopener\">CGT<\/a> de <a href=\"https:\/\/www.huffingtonpost.fr\/culture\/article\/le-brame-du-cerf-sur-france-tv-une-telerealite-pas-comme-les-autres-dans-la-foret-de-rambouillet_254552.html\" target=\"_blank\" rel=\"noopener\">France T\u00e9l\u00e9visions<\/a> qui, au lendemain du 10\u00a0septembre, d\u00e9plorent le traitement de la mobilisation nationale au <a href=\"https:\/\/www.huffingtonpost.fr\/medias\/article\/le-message-de-lea-salame-aux-telespectateurs-avant-d-ouvrir-son-premier-20h-sur-france-2_254278.html\" target=\"_blank\" rel=\"noopener\">20\u00a0heures de France 2<\/a>, \u00ab\u00a0en passe de gagner le concours du journal le plus r\u00e9actionnaire\u00a0\u00bb.<\/p>\n<p class=\"asset asset-text\">\u00ab\u00a0Pour tenter de gagner le Graal de la meilleure audience devant TF1\u00a0\u00bb, la direction du groupe \u00ab\u00a0semble avoir mis\u00e9 sur tout ce qu\u2019il y a de plus rance du spectre des opinions politiques\u00a0\u00bb, peut-on lire dans le communiqu\u00e9, qui d\u00e9plore l\u2019absence totale de retour sur les raisons de la col\u00e8re \u00e0 l\u2019origine de cette journ\u00e9e de blocages.<\/p>\n<p class=\"asset asset-text\">Rien sur les inqui\u00e9tudes li\u00e9es aux services publics, aux transports ou celles exprim\u00e9es par les lyc\u00e9ens. Rien non plus sur les critiques de l\u2019aust\u00e9rit\u00e9, des in\u00e9galit\u00e9s et du d\u00e9ni d\u00e9mocratique, alors m\u00eame que 50\u00a0% des Fran\u00e7ais se sont exprim\u00e9s en soutien \u00e0 cette mobilisation \u00ab\u00a0visant \u00e0 mettre la France \u00e0 l\u2019arr\u00eat\u00a0\u00bb, d\u2019apr\u00e8s <a href=\"https:\/\/www.huffingtonpost.fr\/politique\/article\/bloquons-tout-le-10-septembre-le-rn-en-decalage-avec-sa-base-sur-le-soutien-au-mouvement-exclusif_254622.html\" target=\"_blank\" rel=\"noopener\">un r\u00e9cent sondage YouGov<\/a> pour Le HuffPost.<\/p>\n<p>    Un \u00ab\u00a0\u00e9talage des moyens de r\u00e9pression\u00a0\u00bb polici\u00e8re    <\/p>\n<p class=\"asset asset-text\">\u00c0 la place\u00a0? Un focus trop important, selon la CGT, sur le dispositif policier, sorte \u00ab\u00a0d\u2019\u00e9talage des moyens de r\u00e9pression que pourront utiliser les policiers, comme s\u2019ils n\u2019avaient en face d\u2019eux que des casseurs, des voyous et des black blocs, et non des citoyens avec des revendications l\u00e9gitimes\u00a0\u00bb.<\/p>\n<p class=\"asset asset-text\">\u00ab\u00a0Dire que les forces de l\u2019ordre ont \u201cappris des gilets jaunes \u00e0 \u00eatre plus efficaces\u201d, sans rappeler que depuis que Macron est au pouvoir la r\u00e9pression polici\u00e8re n\u2019a jamais \u00e9t\u00e9 aussi violente, avec des dizaines de personnes mutil\u00e9es et \u00e9borgn\u00e9es, et m\u00eame trois personnes tu\u00e9es depuis 2015, c\u2019est tourner le dos \u00e0 cette population fran\u00e7aise qui continue de d\u00e9fendre le droit l\u00e9gitime de manifester\u00a0\u00bb, continuent les syndicalistes.<\/p>\n<p class=\"asset asset-text\">Ce mercredi, plusieurs actions imput\u00e9es aux fonctionnaires de police pendant les manifestations ont interpell\u00e9 l\u2019opinion publique, dont des tirs de gaz lacrymog\u00e8ne devant une \u00e9cole maternelle du 20e arrondissement de Paris et d\u2019autres sur des cyclistes, ou encore <a href=\"https:\/\/www.huffingtonpost.fr\/politique\/article\/j-ai-le-droit-de-prendre-un-cafe-danielle-simonnet-expulsee-d-un-cafe-par-la-brav-m_254645.html\" target=\"_blank\" rel=\"noopener\">l\u2019expulsion d\u2019une d\u00e9put\u00e9e<\/a> d\u2019un bar et <a href=\"https:\/\/www.huffingtonpost.fr\/medias\/video\/bloquons-tout-le-10-septembre-quand-un-controle-d-identite-stoppe-brutalement-un-duplex-de-franceinfo_254642.html\" target=\"_blank\" rel=\"noopener\">l\u2019arr\u00eat brutal d\u2019un duplex<\/a> de franceinfo pour un contr\u00f4le d\u2019identit\u00e9.<\/p>\n<p>    Un journal \u00ab\u00a0pitoyable\u00a0\u00bb    <\/p>\n<p class=\"asset asset-text\">Une enqu\u00eate a par ailleurs \u00e9t\u00e9 ouverte afin de d\u00e9terminer des circonstances dans lesquelles <a href=\"https:\/\/www.huffingtonpost.fr\/politique\/article\/les-images-impressionnantes-d-un-immeuble-en-feu-au-c-ur-de-paris-pendant-le-10-septembre_254669.html\" target=\"_blank\" rel=\"noopener\">un restaurant pr\u00e8s des Halles a pris feu<\/a>. \u00ab\u00a0Il pourrait s\u2019agir d\u2019un d\u00e9part de feu involontaire li\u00e9 \u00e0 l\u2019intervention des forces de l\u2019ordre\u00a0\u00bb, a d\u00e9clar\u00e9 la procureure de Paris Laure Beccuau. Une grenade de gaz lacrymog\u00e8ne en direction de l\u2019\u00e9tablissement apr\u00e8s une charge polici\u00e8re a peut-\u00eatre \u00e9t\u00e9 lanc\u00e9e.<\/p>\n<p class=\"asset asset-text\">\u00ab\u00a0Pour clore le tout, ce journal pitoyable se termine par l\u2019onction du cardinal Bustillo, un Richard Gere en soutane, qui nous prie de sortir de la lutte des classes\u00a0\u00bb, conclut la CGT. Avant d\u2019ajouter\u00a0: \u00ab\u00a0Quel m\u00e9pris pour les citoyens qui regardent le 20\u00a0heures, et pour les journalistes qui continuent de faire leur travail dans l\u2019adversit\u00e9.\u00a0\u00bb<\/p>\n<p class=\"asset asset-text\">\u00c0 l\u2019occasion du mouvement \u00ab\u00a0Bloquons tout\u00a0\u00bb, pas moins de 850\u00a0actions et 262\u00a0blocages ont \u00e9t\u00e9 comptabilis\u00e9s par le minist\u00e8re. La CGT a, elle, recens\u00e9 plus de 250\u00a0000\u00a0manifestants sur tout le territoire. Une \u00ab\u00a0journ\u00e9e tr\u00e8s r\u00e9ussie\u00a0\u00bb, d\u2019apr\u00e8s sa secr\u00e9taire g\u00e9n\u00e9rale Sophie Binet, qui appelle \u00e0 remettre le couvert pour la seconde journ\u00e9e de mobilisation pr\u00e9vue dans une semaine, le 18\u00a0septembre.<\/p>\n","protected":false},"excerpt":{"rendered":"France 2 L\u00e9a Salam\u00e9, ici sur France 2, mercredi 10\u00a0septembre 2025. M\u00c9DIAS &#8211; \u00ab\u00a0F\u00e9licitations pour ce journal d\u2019Ancien&hellip;\n","protected":false},"author":2,"featured_media":382441,"comment_status":"","ping_status":"","sticky":false,"template":"","format":"standard","meta":{"footnotes":""},"categories":[8],"tags":[48300,251,58,59,1011,27,2400,3806,500,316],"class_list":{"0":"post-382440","1":"post","2":"type-post","3":"status-publish","4":"format-standard","5":"has-post-thumbnail","7":"category-divertissement","8":"tag-10-septembre","9":"tag-culture","10":"tag-divertissement","11":"tag-entertainment","12":"tag-fr","13":"tag-france","14":"tag-france-televisions","15":"tag-lea-salame","16":"tag-medias","17":"tag-politique"},"share_on_mastodon":{"url":"https:\/\/pubeurope.com\/@fr\/115185007305726152","error":""},"_links":{"self":[{"href":"https:\/\/www.europesays.com\/fr\/wp-json\/wp\/v2\/posts\/382440","targetHints":{"allow":["GET"]}}],"collection":[{"href":"https:\/\/www.europesays.com\/fr\/wp-json\/wp\/v2\/posts"}],"about":[{"href":"https:\/\/www.europesays.com\/fr\/wp-json\/wp\/v2\/types\/post"}],"author":[{"embeddable":true,"href":"https:\/\/www.europesays.com\/fr\/wp-json\/wp\/v2\/users\/2"}],"replies":[{"embeddable":true,"href":"https:\/\/www.europesays.com\/fr\/wp-json\/wp\/v2\/comments?post=382440"}],"version-history":[{"count":0,"href":"https:\/\/www.europesays.com\/fr\/wp-json\/wp\/v2\/posts\/382440\/revisions"}],"wp:featuredmedia":[{"embeddable":true,"href":"https:\/\/www.europesays.com\/fr\/wp-json\/wp\/v2\/media\/382441"}],"wp:attachment":[{"href":"https:\/\/www.europesays.com\/fr\/wp-json\/wp\/v2\/media?parent=382440"}],"wp:term":[{"taxonomy":"category","embeddable":true,"href":"https:\/\/www.europesays.com\/fr\/wp-json\/wp\/v2\/categories?post=382440"},{"taxonomy":"post_tag","embeddable":true,"href":"https:\/\/www.europesays.com\/fr\/wp-json\/wp\/v2\/tags?post=382440"}],"curies":[{"name":"wp","href":"https:\/\/api.w.org\/{rel}","templated":true}]}}