{"id":382448,"date":"2025-09-11T09:44:11","date_gmt":"2025-09-11T09:44:11","guid":{"rendered":"https:\/\/www.europesays.com\/fr\/382448\/"},"modified":"2025-09-11T09:44:11","modified_gmt":"2025-09-11T09:44:11","slug":"trois-hommes-interpelles-dans-la-vienne","status":"publish","type":"post","link":"https:\/\/www.europesays.com\/fr\/382448\/","title":{"rendered":"Trois hommes interpell\u00e9s dans la Vienne"},"content":{"rendered":"<p>Un homme est en <a href=\"https:\/\/www.20minutes.fr\/dossier\/garde_a_vue\" class=\"c-link c-link--is-underlined\" target=\"_blank\" rel=\"noopener\">garde \u00e0 vue<\/a> jeudi matin au lendemain de trois interpellations dans l&rsquo;enqu\u00eate sur la mort d&rsquo;<a href=\"https:\/\/www.20minutes.fr\/faits_divers\/agathe-hilairet\/\" class=\"c-link c-link--is-underlined\" target=\"_blank\" rel=\"noopener\">Agathe Hilairet<\/a>, joggeuse de 28 ans retrouv\u00e9e en mai dans la <a href=\"https:\/\/www.20minutes.fr\/dossier\/vienne-france\" class=\"c-link c-link--is-underlined\" target=\"_blank\" rel=\"noopener\">Vienne<\/a>, a-t-on appris aupr\u00e8s du parquet et d&rsquo;une source proche du dossier. Les deux autres hommes sont entendus sous le r\u00e9gime de l&rsquo;audition libre, d&rsquo;apr\u00e8s le journal Le Parisien.<\/p>\n<\/p>\n<p><a href=\"https:\/\/www.ouest-france.fr\/societe\/justice\/info-courrier-de-louest-mort-dagathe-hilairet-trois-suspects-interpelles-pres-de-poitiers-c3e27410-8edb-11f0-b582-5820cfc46140\" rel=\"nofollow noopener\" target=\"_blank\" class=\"c-link c-link--is-underlined\">Selon le quotidien Le Courrier de l&rsquo;Ouest<\/a>, qui a r\u00e9v\u00e9l\u00e9 l&rsquo;information, ces trois hommes ont \u00e9t\u00e9 arr\u00eat\u00e9s mercredi dans la Vienne, o\u00f9 leurs domiciles ont \u00e9t\u00e9 perquisitionn\u00e9s.<\/p>\n<p>\u00ab Une garde \u00e0 vue est en cours sur commission rogatoire \u00bb, a d\u00e9clar\u00e9 jeudi matin Rachel Bray, procureure de la R\u00e9publique \u00e0 Poitiers, pr\u00e9cisant qu&rsquo;elle communiquerait \u00ab plus pr\u00e9cis\u00e9ment ult\u00e9rieurement \u00bb sur l&rsquo;affaire.<\/p>\n<p>L\u2019enqu\u00eate avait d\u00e9termin\u00e9 que le corps avait \u00e9t\u00e9 d\u00e9plac\u00e9 post mortem<\/p>\n<p>Le 4 mai dernier, un promeneur avait d\u00e9couvert le cadavre d\u2019Agathe Hilairet, une adepte du trail de fr\u00eale corpulence (1,65 m pour 35 kg) partie courir le 10 avril au matin depuis le domicile de ses parents \u00e0 Vivonne, \u00e0 20 km au sud de Poitiers. Elle n\u2019avait pas donn\u00e9 signe de vie depuis.<\/p>\n<p>Le corps de la jeune femme \u00ab\u00a0se trouvait dans un sous-bois en p\u00e9riph\u00e9rie des zones de recherches\u00a0\u00bb, avait alors indiqu\u00e9 le procureur de la R\u00e9publique \u00e0 Poitiers, ajoutant que l\u2019autopsie n\u2019avait \u00ab\u00a0pas permis de d\u00e9terminer, \u00e0 ce stade, les causes du d\u00e9c\u00e8s\u00a0\u00bb. Depuis, l\u2019enqu\u00eate avait toutefois d\u00e9termin\u00e9 que le corps de la jeune femme de 28 ans avait \u00e9t\u00e9 d\u00e9plac\u00e9 post mortem, ce qui accr\u00e9dite la piste criminelle.<\/p>\n","protected":false},"excerpt":{"rendered":"Un homme est en garde \u00e0 vue jeudi matin au lendemain de trois interpellations dans l&rsquo;enqu\u00eate sur la&hellip;\n","protected":false},"author":2,"featured_media":382449,"comment_status":"","ping_status":"","sticky":false,"template":"","format":"standard","meta":{"footnotes":""},"categories":[4],"tags":[47,11,11818,3983,1067,1011,27,2683,12,2219,1653,2220,25,104,8320],"class_list":{"0":"post-382448","1":"post","2":"type-post","3":"status-publish","4":"format-standard","5":"has-post-thumbnail","7":"category-france","8":"tag-actualite","9":"tag-actualites","10":"tag-agathe-hilairet","11":"tag-deces","12":"tag-enquete","13":"tag-fr","14":"tag-france","15":"tag-homicide","16":"tag-news","17":"tag-nouvelle-aquitaine","18":"tag-poitiers","19":"tag-poitou-charentes","20":"tag-republique-francaise","21":"tag-societe","22":"tag-vienne-departement"},"share_on_mastodon":{"url":"https:\/\/pubeurope.com\/@fr\/115185022684061237","error":""},"_links":{"self":[{"href":"https:\/\/www.europesays.com\/fr\/wp-json\/wp\/v2\/posts\/382448","targetHints":{"allow":["GET"]}}],"collection":[{"href":"https:\/\/www.europesays.com\/fr\/wp-json\/wp\/v2\/posts"}],"about":[{"href":"https:\/\/www.europesays.com\/fr\/wp-json\/wp\/v2\/types\/post"}],"author":[{"embeddable":true,"href":"https:\/\/www.europesays.com\/fr\/wp-json\/wp\/v2\/users\/2"}],"replies":[{"embeddable":true,"href":"https:\/\/www.europesays.com\/fr\/wp-json\/wp\/v2\/comments?post=382448"}],"version-history":[{"count":0,"href":"https:\/\/www.europesays.com\/fr\/wp-json\/wp\/v2\/posts\/382448\/revisions"}],"wp:featuredmedia":[{"embeddable":true,"href":"https:\/\/www.europesays.com\/fr\/wp-json\/wp\/v2\/media\/382449"}],"wp:attachment":[{"href":"https:\/\/www.europesays.com\/fr\/wp-json\/wp\/v2\/media?parent=382448"}],"wp:term":[{"taxonomy":"category","embeddable":true,"href":"https:\/\/www.europesays.com\/fr\/wp-json\/wp\/v2\/categories?post=382448"},{"taxonomy":"post_tag","embeddable":true,"href":"https:\/\/www.europesays.com\/fr\/wp-json\/wp\/v2\/tags?post=382448"}],"curies":[{"name":"wp","href":"https:\/\/api.w.org\/{rel}","templated":true}]}}