{"id":382454,"date":"2025-09-11T09:47:11","date_gmt":"2025-09-11T09:47:11","guid":{"rendered":"https:\/\/www.europesays.com\/fr\/382454\/"},"modified":"2025-09-11T09:47:11","modified_gmt":"2025-09-11T09:47:11","slug":"le-centre-equestre-des-alpilles-ouvre-ses-portes-le-14-septembre-pour-la-journee-du-cheval","status":"publish","type":"post","link":"https:\/\/www.europesays.com\/fr\/382454\/","title":{"rendered":"Le centre \u00e9questre des Alpilles ouvre ses portes le 14 septembre pour la Journ\u00e9e du cheval"},"content":{"rendered":"<p>Le dimanche 14\u00a0septembre, le centre \u00e9questre des Alpilles \u00e0 <a href=\"https:\/\/www.laprovence.com\/article\/region\/469778683582814\/a-saint-etienne-du-gres-une-douzaine-de-nouvelles-familles-installees-dans-la-commune-salue-sa-qualite-de-vie\" target=\"_blank\" rel=\"noopener\">Saint-\u00c9tienne-du-Gr\u00e8s<\/a> participera \u00e0 la grande Journ\u00e9e du <a href=\"https:\/\/www.laprovence.com\/article\/region\/4710769149809714\/on-a-teste-pour-vous-une-balade-a-cheval-dans-la-garrigue-a-aubagne\" target=\"_blank\" rel=\"noopener\">cheval<\/a>, organis\u00e9e partout en France sous l\u2019\u00e9gide de la F\u00e9d\u00e9ration fran\u00e7aise d\u2019\u00e9quitation.<\/p>\n<p>Cet \u00e9v\u00e9nement national invite petits et grands \u00e0 d\u00e9couvrir l\u2019univers \u00e9questre \u00e0 travers des activit\u00e9s conviviales et gratuites.<\/p>\n<p>D\u00e8s 14\u00a0h, les visiteurs seront accueillis pour une apr\u00e8s-midi plac\u00e9e sous le signe de la d\u00e9couverte et du partage. Au programme\u00a0: visite personnalis\u00e9e des installations, rencontre avec les moniteurs et les cavaliers, mais aussi animations vari\u00e9es autour des chevaux et poneys. Les plus jeunes pourront profiter d\u2019un bapt\u00eame poney gratuit, une exp\u00e9rience inoubliable pour un premier contact avec <a href=\"https:\/\/www.laprovence.com\/article\/region\/83007630806988\/les-saintes-maries-de-la-mer-marie-eva-fait-rimer-equitation-avec-tradition\" target=\"_blank\" rel=\"noopener\">l\u2019\u00e9quitation<\/a>.<\/p>\n<p>Une buvette sera \u00e9galement propos\u00e9e sur place afin de prolonger le moment en toute convivialit\u00e9.<\/p>\n<p>Chaque ann\u00e9e, la Journ\u00e9e du cheval marque le coup d\u2019envoi de la rentr\u00e9e \u00e9questre. Elle permet au grand public de franchir les portes des clubs afin de mieux comprendre le fonctionnement des structures, la richesse des activit\u00e9s et les bienfaits de la pratique \u00e9questre.<\/p>\n<p>\u00c0 Saint-\u00c9tienne-du-Gr\u00e8s, le <a href=\"https:\/\/www.laprovence.com\/article\/edition-arles\/6332575\/le-centre-equestre-des-alpilles-distingue-par-la-ffe.html\" target=\"_blank\" rel=\"noopener\">centre \u00e9questre des Alpilles<\/a> entend mettre en avant la qualit\u00e9 d&#8230;<\/p>\n","protected":false},"excerpt":{"rendered":"Le dimanche 14\u00a0septembre, le centre \u00e9questre des Alpilles \u00e0 Saint-\u00c9tienne-du-Gr\u00e8s participera \u00e0 la grande Journ\u00e9e du cheval, organis\u00e9e&hellip;\n","protected":false},"author":2,"featured_media":382455,"comment_status":"","ping_status":"","sticky":false,"template":"","format":"standard","meta":{"footnotes":""},"categories":[9653],"tags":[17,1111,11,51546,2430,3335,154,51545,1777,674,1011,27,2831,12,10102,3761,25,4001,2407],"class_list":{"0":"post-382454","1":"post","2":"type-post","3":"status-publish","4":"format-standard","5":"has-post-thumbnail","7":"category-saint-etienne","8":"tag-17","9":"tag-actu","10":"tag-actualites","11":"tag-alpilles","12":"tag-auvergne-rhone-alpes","13":"tag-centre","14":"tag-des","15":"tag-equestre","16":"tag-eu","17":"tag-europe","18":"tag-fr","19":"tag-france","20":"tag-loisirs-traditions","21":"tag-news","22":"tag-ouvre","23":"tag-portes","24":"tag-republique-francaise","25":"tag-saint-etienne","26":"tag-ses"},"share_on_mastodon":{"url":"https:\/\/pubeurope.com\/@fr\/115185034574325669","error":""},"_links":{"self":[{"href":"https:\/\/www.europesays.com\/fr\/wp-json\/wp\/v2\/posts\/382454","targetHints":{"allow":["GET"]}}],"collection":[{"href":"https:\/\/www.europesays.com\/fr\/wp-json\/wp\/v2\/posts"}],"about":[{"href":"https:\/\/www.europesays.com\/fr\/wp-json\/wp\/v2\/types\/post"}],"author":[{"embeddable":true,"href":"https:\/\/www.europesays.com\/fr\/wp-json\/wp\/v2\/users\/2"}],"replies":[{"embeddable":true,"href":"https:\/\/www.europesays.com\/fr\/wp-json\/wp\/v2\/comments?post=382454"}],"version-history":[{"count":0,"href":"https:\/\/www.europesays.com\/fr\/wp-json\/wp\/v2\/posts\/382454\/revisions"}],"wp:featuredmedia":[{"embeddable":true,"href":"https:\/\/www.europesays.com\/fr\/wp-json\/wp\/v2\/media\/382455"}],"wp:attachment":[{"href":"https:\/\/www.europesays.com\/fr\/wp-json\/wp\/v2\/media?parent=382454"}],"wp:term":[{"taxonomy":"category","embeddable":true,"href":"https:\/\/www.europesays.com\/fr\/wp-json\/wp\/v2\/categories?post=382454"},{"taxonomy":"post_tag","embeddable":true,"href":"https:\/\/www.europesays.com\/fr\/wp-json\/wp\/v2\/tags?post=382454"}],"curies":[{"name":"wp","href":"https:\/\/api.w.org\/{rel}","templated":true}]}}