{"id":382458,"date":"2025-09-11T09:49:22","date_gmt":"2025-09-11T09:49:22","guid":{"rendered":"https:\/\/www.europesays.com\/fr\/382458\/"},"modified":"2025-09-11T09:49:22","modified_gmt":"2025-09-11T09:49:22","slug":"la-base-aerienne-133-organise-des-visites-de-son-musee","status":"publish","type":"post","link":"https:\/\/www.europesays.com\/fr\/382458\/","title":{"rendered":"la base a\u00e9rienne 133 organise des visites de son mus\u00e9e"},"content":{"rendered":"<p>\u00c0 l\u2019occasion de la 42e \u00e9dition des Journ\u00e9es europ\u00e9ennes du patrimoine, les 20 et 21\u00a0septembre, le mus\u00e9e de <a href=\"https:\/\/www.estrepublicain.fr\/d\/ces-metiers-meconnus-de-la-base-aerienne-133-de-nancy-ochey-5caebc19-bc91-4399-bed5-5f6ad1c399ec\" target=\"_blank\" rel=\"noopener\">la base a\u00e9rienne 133 de Nancy-Ochey<\/a> ouvre ses portes au public.<\/p>\n<p>Cinq cr\u00e9neaux de visite guid\u00e9e sont propos\u00e9s samedi et dimanche\u00a0: 10\u00a0h &#8211; 11\u00a0h, 11\u00a0h &#8211; 12\u00a0h, 14\u00a0h \u2013 15\u00a0h, 15\u00a0h &#8211; 16\u00a0h et 16\u00a0h &#8211; 17\u00a0h.<\/p>\n<p>Les visites sont anim\u00e9es par les membres du centre de documentation et de recherches historiques. Elles sont limit\u00e9es \u00e0 20 personnes par cr\u00e9neau et uniquement sur r\u00e9servation avant le 17\u00a0septembre sur le site\u00a0: <a href=\"https:\/\/www.demarches-simplifiees.fr\/commencer\/journee-du-patrimoine-ba133\" target=\"_blank\" rel=\"noopener\">https:\/\/www.demarches-simplifiees.fr\/commencer\/journee-du-patrimoine-ba133.<\/a><\/p>\n<p>Ce contenu est bloqu\u00e9 car vous n&rsquo;avez pas accept\u00e9 les cookies et autres traceurs.<\/p>\n<p>En cliquant sur \u00ab J\u2019accepte \u00bb, les cookies et autres traceurs seront d\u00e9pos\u00e9s et vous pourrez visualiser les contenus  (<a href=\"\" class=\"consentModule_policy\" target=\"_blank\" title=\"Consulter la politique de protection des donn\u00e9es du fournisseur\">plus d&rsquo;informations<\/a>).<\/p>\n<p>En cliquant sur \u00ab J\u2019accepte tous les cookies \u00bb, vous autorisez des d\u00e9p\u00f4ts de cookies et autres traceurs pour le stockage de vos donn\u00e9es sur nos sites et applications \u00e0 des fins de personnalisation et de ciblage publicitaire.<\/p>\n<p class=\"consentModule_secondaryText\">Vous gardez la possibilit\u00e9 de retirer votre consentement \u00e0 tout moment en consultant notre <a href=\"https:\/\/www.estrepublicain.fr\/protection-des-donnees\" target=\"_blank\" title=\"Consulter notre politique de protection des donn\u00e9es\" rel=\"noopener\">politique de protection des donn\u00e9es<\/a>. <br \/>&#13;<br \/>\n            <a href=\"https:\/\/www.estrepublicain.fr\/culture-loisirs\/2025\/09\/11\/javascript:Didomi.notice.show()\" class=\"consentModule_cmp\" target=\"_blank\" rel=\"noopener\">G\u00e9rer mes choix<\/a>&#13;\n        <\/p>\n<p>&#13;<br \/>\n                        J&rsquo;accepte&#13;<br \/>\n            J&rsquo;accepte tous les cookies&#13;\n        <\/p>\n<p>  Parking gratuit<\/p>\n<p>L\u2019espace mus\u00e9al Capitaine Pierre Hyvernault invite \u00e0 plonger dans plus d\u2019un si\u00e8cle d\u2019histoire a\u00e9rienne, d\u2019hommes et de machines, de sacrifices et d\u2019engagement. L\u2019\u00e9pop\u00e9e de la 3e\u00a0 escadre de chasse, ses escadrons, son r\u00f4le au c\u0153ur des op\u00e9rations ext\u00e9rieures modernes sont relat\u00e9s. En remontant le fil du temps, les visiteurs seront inform\u00e9s sur les jours glorieux de la 11e escadre de chasse ou encore de l\u2019histoire m\u00e9connue de la BA 121 Nancy-Essey.<\/p>\n<p>Les inscrits devront pr\u00e9senter une pi\u00e8ce d\u2019identit\u00e9 ou un passeport le jour de la visite. Il est possible de laisser son v\u00e9hicule sur le parking gratuit situ\u00e9 devant la base a\u00e9rienne.<\/p>\n<p>Il est \u00e9galement demand\u00e9 de venir 15 minutes avant le d\u00e9but du cr\u00e9neau.<\/p>\n","protected":false},"excerpt":{"rendered":"\u00c0 l\u2019occasion de la 42e \u00e9dition des Journ\u00e9es europ\u00e9ennes du patrimoine, les 20 et 21\u00a0septembre, le mus\u00e9e de&hellip;\n","protected":false},"author":2,"featured_media":382459,"comment_status":"","ping_status":"","sticky":false,"template":"","format":"standard","meta":{"footnotes":""},"categories":[9635],"tags":[1111,11,13911,1687,3206,1705,1777,674,1011,27,775,1702,12,13910,2661,25],"class_list":{"0":"post-382458","1":"post","2":"type-post","3":"status-publish","4":"format-standard","5":"has-post-thumbnail","7":"category-nancy","8":"tag-actu","9":"tag-actualites","10":"tag-cc-du-pays-de-colombey-et-du-sud-toulois-54d","11":"tag-culture-loisirs","12":"tag-defense-guerre-conflit","13":"tag-edition-toul","14":"tag-eu","15":"tag-europe","16":"tag-fr","17":"tag-france","18":"tag-grand-est","19":"tag-nancy","20":"tag-news","21":"tag-ochey","22":"tag-patrimoine-culturel","23":"tag-republique-francaise"},"share_on_mastodon":{"url":"https:\/\/pubeurope.com\/@fr\/115185042377030509","error":""},"_links":{"self":[{"href":"https:\/\/www.europesays.com\/fr\/wp-json\/wp\/v2\/posts\/382458","targetHints":{"allow":["GET"]}}],"collection":[{"href":"https:\/\/www.europesays.com\/fr\/wp-json\/wp\/v2\/posts"}],"about":[{"href":"https:\/\/www.europesays.com\/fr\/wp-json\/wp\/v2\/types\/post"}],"author":[{"embeddable":true,"href":"https:\/\/www.europesays.com\/fr\/wp-json\/wp\/v2\/users\/2"}],"replies":[{"embeddable":true,"href":"https:\/\/www.europesays.com\/fr\/wp-json\/wp\/v2\/comments?post=382458"}],"version-history":[{"count":0,"href":"https:\/\/www.europesays.com\/fr\/wp-json\/wp\/v2\/posts\/382458\/revisions"}],"wp:featuredmedia":[{"embeddable":true,"href":"https:\/\/www.europesays.com\/fr\/wp-json\/wp\/v2\/media\/382459"}],"wp:attachment":[{"href":"https:\/\/www.europesays.com\/fr\/wp-json\/wp\/v2\/media?parent=382458"}],"wp:term":[{"taxonomy":"category","embeddable":true,"href":"https:\/\/www.europesays.com\/fr\/wp-json\/wp\/v2\/categories?post=382458"},{"taxonomy":"post_tag","embeddable":true,"href":"https:\/\/www.europesays.com\/fr\/wp-json\/wp\/v2\/tags?post=382458"}],"curies":[{"name":"wp","href":"https:\/\/api.w.org\/{rel}","templated":true}]}}