{"id":382468,"date":"2025-09-11T09:54:14","date_gmt":"2025-09-11T09:54:14","guid":{"rendered":"https:\/\/www.europesays.com\/fr\/382468\/"},"modified":"2025-09-11T09:54:14","modified_gmt":"2025-09-11T09:54:14","slug":"teille-un-premier-bric-a-brac-reussi-pour-le-comite-des-fetes","status":"publish","type":"post","link":"https:\/\/www.europesays.com\/fr\/382468\/","title":{"rendered":"Teill\u00e9. Un premier bric-\u00e0-brac\u00a0r\u00e9ussi pour le comit\u00e9 des f\u00eates"},"content":{"rendered":"<p>Apr\u00e8s l\u2019arr\u00eat du comit\u00e9 des f\u00eates pendant deux ans, une poign\u00e9e de voisins ont d\u00e9cid\u00e9 de reprendre le flambeau en d\u00e9but d\u2019ann\u00e9e. Un premier rendez-vous avait eu lieu en juillet, avec l\u2019organisation d\u2019un apr\u00e8s-midi communal ouvert \u00e0 tous au terrain de loisirs. \u00a0Il n\u2019y avait pas eu un bric-\u00e0-brac dans la commune\u00a0depuis 2018\u00a0\u00bb, explique Loyd Godde, pr\u00e9sident du comit\u00e9 des f\u00eates. \u00a0Gr\u00e2ce \u00e0 la trentaine de b\u00e9n\u00e9voles qui nous ont rejoints, nous avons pu organiser cette manifestation.\u00a0<\/p>\n<p>Et pour une premi\u00e8re, c\u2019est une r\u00e9ussite. Plus d\u2019une centaine de stands, pour 300\u00a0m\u00e8tres lin\u00e9aires vendus. Les chineurs sont venus nombreux, d\u00e8s la matin\u00e9e, pour d\u00e9ambuler \u00e0 travers les \u00e9tals.<\/p>\n<p>L\u2019association proposera, le 15\u00a0novembre, une soir\u00e9e karaok\u00e9 \u00e0 la salle des f\u00eates, avec retransmission le soir du match de rugby France-\u00c9cosse, et le dimanche, la rencontre de football PSG-OM, le tout sur \u00e9cran g\u00e9ant.<\/p>\n<p><strong>Le nouveau bureau\u00a0:<\/strong> pr\u00e9sident, Loyd Godde\u00a0; secr\u00e9taire, \u00c9lodie Meresse\u00a0; tr\u00e9sorier, L\u00e9andre Simon. Contact\u00a0: comitedesfetesteille@gmail.com<\/p>\n<p>\u00a0<\/p>\n","protected":false},"excerpt":{"rendered":"Apr\u00e8s l\u2019arr\u00eat du comit\u00e9 des f\u00eates pendant deux ans, une poign\u00e9e de voisins ont d\u00e9cid\u00e9 de reprendre le&hellip;\n","protected":false},"author":2,"featured_media":382469,"comment_status":"","ping_status":"","sticky":false,"template":"","format":"standard","meta":{"footnotes":""},"categories":[9587],"tags":[1111,11,51549,9639,1777,674,14537,1011,27,2047,12,5161,25,7530,9590,51548],"class_list":{"0":"post-382468","1":"post","2":"type-post","3":"status-publish","4":"format-standard","5":"has-post-thumbnail","7":"category-rouen","8":"tag-actu","9":"tag-actualites","10":"tag-bric-a-brac","11":"tag-comite","12":"tag-eu","13":"tag-europe","14":"tag-fetes","15":"tag-fr","16":"tag-france","17":"tag-mans","18":"tag-news","19":"tag-normandie","20":"tag-republique-francaise","21":"tag-reussi","22":"tag-rouen","23":"tag-teille"},"share_on_mastodon":{"url":"https:\/\/pubeurope.com\/@fr\/115185062048386712","error":""},"_links":{"self":[{"href":"https:\/\/www.europesays.com\/fr\/wp-json\/wp\/v2\/posts\/382468","targetHints":{"allow":["GET"]}}],"collection":[{"href":"https:\/\/www.europesays.com\/fr\/wp-json\/wp\/v2\/posts"}],"about":[{"href":"https:\/\/www.europesays.com\/fr\/wp-json\/wp\/v2\/types\/post"}],"author":[{"embeddable":true,"href":"https:\/\/www.europesays.com\/fr\/wp-json\/wp\/v2\/users\/2"}],"replies":[{"embeddable":true,"href":"https:\/\/www.europesays.com\/fr\/wp-json\/wp\/v2\/comments?post=382468"}],"version-history":[{"count":0,"href":"https:\/\/www.europesays.com\/fr\/wp-json\/wp\/v2\/posts\/382468\/revisions"}],"wp:featuredmedia":[{"embeddable":true,"href":"https:\/\/www.europesays.com\/fr\/wp-json\/wp\/v2\/media\/382469"}],"wp:attachment":[{"href":"https:\/\/www.europesays.com\/fr\/wp-json\/wp\/v2\/media?parent=382468"}],"wp:term":[{"taxonomy":"category","embeddable":true,"href":"https:\/\/www.europesays.com\/fr\/wp-json\/wp\/v2\/categories?post=382468"},{"taxonomy":"post_tag","embeddable":true,"href":"https:\/\/www.europesays.com\/fr\/wp-json\/wp\/v2\/tags?post=382468"}],"curies":[{"name":"wp","href":"https:\/\/api.w.org\/{rel}","templated":true}]}}