{"id":382470,"date":"2025-09-11T09:55:11","date_gmt":"2025-09-11T09:55:11","guid":{"rendered":"https:\/\/www.europesays.com\/fr\/382470\/"},"modified":"2025-09-11T09:55:11","modified_gmt":"2025-09-11T09:55:11","slug":"pres-de-rouen-le-faux-agent-veolia-depouille-une-retraitee-dune-grosse-somme-dargent","status":"publish","type":"post","link":"https:\/\/www.europesays.com\/fr\/382470\/","title":{"rendered":"Pr\u00e8s de Rouen, le faux agent Veolia d\u00e9pouille une retrait\u00e9e d&rsquo;une grosse somme d&rsquo;argent"},"content":{"rendered":"<p>            Par<br \/>\n        <strong><br \/>\n            <a href=\"https:\/\/actu.fr\/auteur\/julien-bouteiller\" title=\"Consulter tous les articles de Julien Bouteiller\" rel=\"nofollow noopener\" target=\"_blank\">Julien Bouteiller<\/a><br \/>\n        <\/strong><\/p>\n<p>        Publi\u00e9 le<\/p>\n<p>            11 sept. 2025 \u00e0 11h48        <\/p>\n<p><strong>La police appelle \u00e0 la vigilance<\/strong>. Mercredi 10 septembre 2025, une femme de 90 ans a \u00e9t\u00e9 <strong>victime d\u2019un faux agent des eaux<\/strong> \u00e0 <a href=\"https:\/\/actu.fr\/normandie\/saint-leger-du-bourg-denis_76599\" rel=\"nofollow noopener\" target=\"_blank\">Saint-L\u00e9ger-du-Bourg-Denis<\/a>, dans l\u2019agglo de Rouen. Le malfrat a emport\u00e9 un important butin.<\/p>\n<p>Il d\u00e9pouille la retrait\u00e9e de ses \u00e9conomies<\/p>\n<p class=\" wall-content\">Selon une source polici\u00e8re, vers 16h45, un homme se pr\u00e9sente chez cette retrait\u00e9e. \u00ab\u00a0Il se pr\u00e9sente <strong>comme agent Veolia<\/strong>, pr\u00e9textant une pollution de l\u2019eau.\u00a0\u00bb<\/p>\n<p class=\" wall-content\">L\u2019homme d\u2019une trentaine d\u2019ann\u00e9es demande alors \u00e0 la victime de <strong>cacher tous ses objets de valeur dans le r\u00e9frig\u00e9rateur<\/strong>. \u00ab\u00a0Alors qu\u2019elle se rend dans la salle de bain pour v\u00e9rifier l\u2019eau, il s\u2019empare des objets\u00a0\u00bb, poursuit notre source.<\/p>\n<p class=\" wall-content\">Le butin est cons\u00e9quent : <strong>8000 euros en esp\u00e8ces, un ch\u00e9quier et une dizaine de bijoux en or.\u00a0<\/strong><\/p>\n<p class=\" wall-content\">L\u2019enqu\u00eate se poursuit pour retrouver le malfaiteur.\u00a0<\/p>\n<p class=\" wall-content\">C\u2019est donc l\u2019occasion de rappeler une fois encore les conseils de prudence \u00e0 adopter lorsqu\u2019on sonne chez vous :\u00a0<\/p>\n<p>Votre r\u00e9gion, votre actu !<\/p>\n<p>Recevez chaque jour les infos qui comptent pour vous.<\/p>\n<p>\t<a href=\"https:\/\/actu.fr\/newsletter\" class=\"ac-btn ac-btn--corner ac-btn--medium ac-btn--blue800\" rel=\"nofollow noopener\" target=\"_blank\">S&rsquo;incrire<\/a><\/p>\n<p class=\" wall-content\">\u2022\u00a0<strong>ne pas faire entrer d\u2019inconnus<\/strong>\u00a0(surtout ceux venant sans avoir pr\u00e9venu auparavant), privil\u00e9gier l\u2019utilisation d\u2019un judas, d\u2019un entreb\u00e2illeur ou d\u2019un visiophone\u2009;<br \/>\u2022\u00a0<strong>v\u00e9rifier l\u2019identit\u00e9 du ou des visiteurs<\/strong>\u00a0en exigeant par exemple une carte professionnelle (y compris si la personne porte un uniforme)\u2009;<br \/>\u2022\u00a0<strong>contacter la soci\u00e9t\u00e9, l\u2019administration ou le service<\/strong>\u00a0dont se r\u00e9clame la personne\u2009;<br \/>\u2022\u00a0en cas de doute,<strong>\u00a0appeler le 17\u00a0<\/strong>pour faire venir la police ou la gendarmerie.<\/p>\n<p>Suivez l\u2019actualit\u00e9 de Rouen <a href=\"https:\/\/www.whatsapp.com\/channel\/0029VaKfnf99hXF2ddApFB1D\" rel=\"nofollow noopener\" target=\"_blank\">sur notre cha\u00eene WhatsApp<\/a> et <a href=\"https:\/\/www.tiktok.com\/@76actu.fr?lang=fr\" rel=\"nofollow noopener\" target=\"_blank\">sur notre compte TikTok<\/a><\/p>\n<p class=\" wall-content\">Personnalisez votre actualit\u00e9 en ajoutant vos villes et m\u00e9dias en favori avec <a href=\"https:\/\/moncompte.actu.fr\" title=\"D\u00e9couvez Mon Actu\" rel=\"nofollow noopener\" data-trk=\"{&quot;cta&quot;:{&quot;action&quot;:&quot;https:\\\/\\\/moncompte.actu.fr&quot;,&quot;category&quot;:&quot;mon compte&quot;,&quot;from&quot;:&quot;article footer&quot;,&quot;name&quot;:&quot;Mon actu&quot;,&quot;type&quot;:&quot;cta&quot;}}\" target=\"_blank\">Mon Actu<\/a>.<\/p>\n<p>                    <script async src=\"\/\/www.tiktok.com\/embed.js\"><\/script><\/p>\n","protected":false},"excerpt":{"rendered":"Par Julien Bouteiller Publi\u00e9 le 11 sept. 2025 \u00e0 11h48 La police appelle \u00e0 la vigilance. Mercredi 10&hellip;\n","protected":false},"author":2,"featured_media":382471,"comment_status":"","ping_status":"","sticky":false,"template":"","format":"standard","meta":{"footnotes":""},"categories":[9587],"tags":[1111,11,3514,1777,674,118,1011,27,12,5161,1072,25,9590],"class_list":{"0":"post-382470","1":"post","2":"type-post","3":"status-publish","4":"format-standard","5":"has-post-thumbnail","7":"category-rouen","8":"tag-actu","9":"tag-actualites","10":"tag-arnaque","11":"tag-eu","12":"tag-europe","13":"tag-faits-divers","14":"tag-fr","15":"tag-france","16":"tag-news","17":"tag-normandie","18":"tag-police","19":"tag-republique-francaise","20":"tag-rouen"},"share_on_mastodon":{"url":"https:\/\/pubeurope.com\/@fr\/115185065938643661","error":""},"_links":{"self":[{"href":"https:\/\/www.europesays.com\/fr\/wp-json\/wp\/v2\/posts\/382470","targetHints":{"allow":["GET"]}}],"collection":[{"href":"https:\/\/www.europesays.com\/fr\/wp-json\/wp\/v2\/posts"}],"about":[{"href":"https:\/\/www.europesays.com\/fr\/wp-json\/wp\/v2\/types\/post"}],"author":[{"embeddable":true,"href":"https:\/\/www.europesays.com\/fr\/wp-json\/wp\/v2\/users\/2"}],"replies":[{"embeddable":true,"href":"https:\/\/www.europesays.com\/fr\/wp-json\/wp\/v2\/comments?post=382470"}],"version-history":[{"count":0,"href":"https:\/\/www.europesays.com\/fr\/wp-json\/wp\/v2\/posts\/382470\/revisions"}],"wp:featuredmedia":[{"embeddable":true,"href":"https:\/\/www.europesays.com\/fr\/wp-json\/wp\/v2\/media\/382471"}],"wp:attachment":[{"href":"https:\/\/www.europesays.com\/fr\/wp-json\/wp\/v2\/media?parent=382470"}],"wp:term":[{"taxonomy":"category","embeddable":true,"href":"https:\/\/www.europesays.com\/fr\/wp-json\/wp\/v2\/categories?post=382470"},{"taxonomy":"post_tag","embeddable":true,"href":"https:\/\/www.europesays.com\/fr\/wp-json\/wp\/v2\/tags?post=382470"}],"curies":[{"name":"wp","href":"https:\/\/api.w.org\/{rel}","templated":true}]}}