{"id":382474,"date":"2025-09-11T09:58:12","date_gmt":"2025-09-11T09:58:12","guid":{"rendered":"https:\/\/www.europesays.com\/fr\/382474\/"},"modified":"2025-09-11T09:58:12","modified_gmt":"2025-09-11T09:58:12","slug":"a-seulement-19-ans-elle-ouvre-avec-son-associee-une-boutique-unique-en-son-genre","status":"publish","type":"post","link":"https:\/\/www.europesays.com\/fr\/382474\/","title":{"rendered":"\u00e0 seulement 19 ans, elle ouvre avec son associ\u00e9e une boutique unique en son genre"},"content":{"rendered":"<p>            Par<br \/>\n        <strong><br \/>\n            <a href=\"https:\/\/actu.fr\/auteur\/brian-legoff\" title=\"Consulter tous les articles de Brian Le Goff\" target=\"_blank\" rel=\"noopener\">Brian Le Goff<\/a><br \/>\n        <\/strong><\/p>\n<p>        Publi\u00e9 le<\/p>\n<p>            11 sept. 2025 \u00e0 11h37        <\/p>\n<p>Il y a <strong>encore quelques mois,<\/strong> Mathilde Blaizot et Marjolaine Descures<strong> travaillaient au sein de l\u2019Ehpad<\/strong> Les Maisons de la Plumeli\u00e8re \u00e0 <a href=\"https:\/\/actu.fr\/bretagne\/orgeres_35208\" target=\"_blank\" rel=\"noopener\">Org\u00e8res<\/a>, au sud de <a href=\"https:\/\/actu.fr\/rennes\/\" target=\"_blank\" rel=\"noopener\">Rennes<\/a>. Aujourd\u2019hui, elles sont les g\u00e9rantes associ\u00e9es de <strong>Mathilya, une boutique de pr\u00eat-\u00e0-porter f\u00e9minin et institut de beaut\u00e9<\/strong>.<\/p>\n<p>\u00ab\u2009J\u2019ai toujours voulu travailler \u00e0 mon compte\u2009\u00bb<\/p>\n<p class=\" wall-content\">\u00ab\u2009J\u2019ai travaill\u00e9 un an en Ehpad avec Marjolaine et je lui ai parl\u00e9 de mon envie d\u2019ouvrir une boutique de v\u00eatements. \u00c7\u2019a toujours \u00e9t\u00e9 mon objectif. Marjolaine, elle, a une formation d\u2019esth\u00e9ticienne. Mais elle travaillait en maison de retraite, car elle ne voulait pas reprendre ce m\u00e9tier en tant que salari\u00e9e\u2009\u00bb, retrace<strong> Mathilde, \u00e2g\u00e9e de seulement 19\u00a0ans.<\/strong> \u00ab\u2009J\u2019ai toujours voulu travailler \u00e0 mon compte\u2009\u00bb, compl\u00e8te Marjolaine. Une phrase \u00e9galement prononc\u00e9e par Mathilde, qui rench\u00e9rit\u2009: \u00ab\u2009Il y a une bonne entente entre nous, on est vachement compl\u00e9mentaire. Cr\u00e9er un lieu hybride est donc venu naturellement.\u2009\u00bb<\/p>\n<blockquote class=\"ac-article-quote wall-content\">\n<p>Nous sommes all\u00e9s voir la mairie et expliquer notre projet. Les professionnels du cabinet m\u00e9dical, qui occupaient le local jusqu&rsquo;\u00e0 pr\u00e9sent, ont rejoint la nouvelle maison de sant\u00e9. On nous l&rsquo;a donc propos\u00e9. <\/p>\n<p>    <strong>Mathilde<\/strong><br \/>\n        G\u00e9rante et associ\u00e9e de Mathilya \u00e0 Org\u00e8res    <\/p><\/blockquote>\n<p class=\" wall-content\">Et ce concept m\u00ealant deux univers proches, entre mode et esth\u00e9tique, est une <strong>premi\u00e8re pour la commune.<\/strong> \u00ab\u2009Il y a une esth\u00e9ticienne qui exerce depuis son domicile, mais aucune boutique ou institut n\u2019a jamais exist\u00e9 \u00e0 Org\u00e8res\u2009\u00bb, assure Mathilde, qui a grandi dans la commune.<\/p>\n<p>    <img   decoding=\"async\" loading=\"lazy\" src=\"https:\/\/www.europesays.com\/fr\/wp-content\/uploads\/2025\/09\/boutique-mathilya-orgeres-rennes-pret-a-porter-feminin-institut-de-beate-head-spa-1-960x640.jpg\" alt=\"v\" width=\"960\" height=\"640\"\/><br \/>\n    Head Spa et Sauna D\u00f4me Japonais sont les deux prestations originales, en plus des classiques soins, au sein de l\u2019institut de beaut\u00e9. (\u00a9 Brian Le Goff \/ actu Rennes)C\u00f4t\u00e9 pr\u00eat-\u00e0-porter, des marques locales<\/p>\n<p class=\" wall-content\">Et dans la boutique, les deux associ\u00e9es ont fait le choix de proposer un assortiment assez complet de pr\u00eat-\u00e0-porter entre v\u00eatements, \u00e9charpes, sacs, bijoux, chaussures\u2026<\/p>\n<p class=\" wall-content\">\u00ab\u2009On est bien \u00e9videmment partie sur une collection de fin d\u2019\u00e9t\u00e9, d\u00e9but d\u2019automne. On est soucieuse de proposer une bonne qualit\u00e9 avec des prix abordables. On travaille avec des cr\u00e9atrices locales. Pour les bijoux, il y a <strong>Bizouh, les bijoux d\u2019Haly<\/strong>. C\u00f4t\u00e9 maroquinerie, on met en vente les produits de la marque org\u00e9rienne <strong>Les Cr\u00e9ations de Mayha<\/strong>.\u2009\u00bb<\/p>\n<p>Votre r\u00e9gion, votre actu !<\/p>\n<p>Recevez chaque jour les infos qui comptent pour vous.<\/p>\n<p>\t<a href=\"https:\/\/actu.fr\/newsletter\" class=\"ac-btn ac-btn--corner ac-btn--medium ac-btn--blue800\" target=\"_blank\" rel=\"noopener\">S&rsquo;incrire<\/a><br \/>\nC\u00f4t\u00e9 institut, deux propositions originales<\/p>\n<p class=\" wall-content\">C\u00f4t\u00e9 institut, Mathilya met en ventE les produits de marque mon\u00e9gasque H\u00e9liabrine. Outre les prestations classiques de <strong>soins, de mise en beaut\u00e9 du regard, des mains, des pieds, et d\u2019\u00e9pilation<\/strong> \u2013 aussi pour les hommes -, Marjolaine propose du <strong>Head Spa<\/strong>, une s\u00e9rie de soins pour cuir chevelu et du<strong> sauna d\u00f4me japonais<\/strong>.<\/p>\n<p class=\" wall-content\">Sous une esp\u00e8ce de d\u00f4me <strong>chauffant jusqu\u2019\u00e0 70\u00a0\u00b0C<\/strong>, les clients profitent pendant 30\u00a0minutes \u00e0 1h des <strong>bienfaits des \u00ab\u2009infrarouges<\/strong> qui p\u00e9n\u00e8trent dans le derme et \u00e9liminent les toxines\u2009\u00bb.<\/p>\n<blockquote class=\"ac-article-quote wall-content\">\n<p>Il a des effets amincissants, de r\u00e9cup\u00e9ration musculaire, influe sur la qualit\u00e9 du sommeil et le stress, relance la circulation sanguine.<\/p>\n<p>    <strong>Marjolaine Descures<\/strong><br \/>\n        G\u00e9rante et associ\u00e9e de Mathilya \u00e0 Org\u00e8res    <\/p><\/blockquote>\n<p class=\" wall-content\">Enfin, l\u2019institut peut aussi s\u2019occuper de vos <strong>ongles<\/strong> et vous poser du <strong>vernis semi-permanent<\/strong>.<\/p>\n<p>Prise de rendez-vous possible sur <a href=\"https:\/\/www.planity.com\/mathilya-institut-35230-orgeres\" target=\"_blank\" rel=\"noopener\">Planity<\/a>, Mathilya, 5, place de la Mairie, Org\u00e8res. Horaires d\u2019ouverture\u2009: du mardi au vendredi, de 8h30 \u00e0 18h30. Le samedi, de 10h \u00e0 17h. Ferm\u00e9 le dimanche et lundi.<\/p>\n<p class=\" wall-content\">Personnalisez votre actualit\u00e9 en ajoutant vos villes et m\u00e9dias en favori avec <a href=\"https:\/\/moncompte.actu.fr\" title=\"D\u00e9couvez Mon Actu\" rel=\"nofollow noopener\" data-trk=\"{&quot;cta&quot;:{&quot;action&quot;:&quot;https:\\\/\\\/moncompte.actu.fr&quot;,&quot;category&quot;:&quot;mon compte&quot;,&quot;from&quot;:&quot;article footer&quot;,&quot;name&quot;:&quot;Mon actu&quot;,&quot;type&quot;:&quot;cta&quot;}}\" target=\"_blank\">Mon Actu<\/a>.<\/p>\n","protected":false},"excerpt":{"rendered":"Par Brian Le Goff Publi\u00e9 le 11 sept. 2025 \u00e0 11h37 Il y a encore quelques mois, Mathilde&hellip;\n","protected":false},"author":2,"featured_media":382475,"comment_status":"","ping_status":"","sticky":false,"template":"","format":"standard","meta":{"footnotes":""},"categories":[2821],"tags":[1111,11,829,215,33,2855,1777,674,1011,27,12,3147,584,25],"class_list":{"0":"post-382474","1":"post","2":"type-post","3":"status-publish","4":"format-standard","5":"has-post-thumbnail","7":"category-rennes","8":"tag-actu","9":"tag-actualites","10":"tag-bretagne","11":"tag-commerce","12":"tag-economie","13":"tag-entrepreneuriat","14":"tag-eu","15":"tag-europe","16":"tag-fr","17":"tag-france","18":"tag-news","19":"tag-nouveaux-commerces","20":"tag-rennes","21":"tag-republique-francaise"},"share_on_mastodon":{"url":"https:\/\/pubeurope.com\/@fr\/115185078450358286","error":""},"_links":{"self":[{"href":"https:\/\/www.europesays.com\/fr\/wp-json\/wp\/v2\/posts\/382474","targetHints":{"allow":["GET"]}}],"collection":[{"href":"https:\/\/www.europesays.com\/fr\/wp-json\/wp\/v2\/posts"}],"about":[{"href":"https:\/\/www.europesays.com\/fr\/wp-json\/wp\/v2\/types\/post"}],"author":[{"embeddable":true,"href":"https:\/\/www.europesays.com\/fr\/wp-json\/wp\/v2\/users\/2"}],"replies":[{"embeddable":true,"href":"https:\/\/www.europesays.com\/fr\/wp-json\/wp\/v2\/comments?post=382474"}],"version-history":[{"count":0,"href":"https:\/\/www.europesays.com\/fr\/wp-json\/wp\/v2\/posts\/382474\/revisions"}],"wp:featuredmedia":[{"embeddable":true,"href":"https:\/\/www.europesays.com\/fr\/wp-json\/wp\/v2\/media\/382475"}],"wp:attachment":[{"href":"https:\/\/www.europesays.com\/fr\/wp-json\/wp\/v2\/media?parent=382474"}],"wp:term":[{"taxonomy":"category","embeddable":true,"href":"https:\/\/www.europesays.com\/fr\/wp-json\/wp\/v2\/categories?post=382474"},{"taxonomy":"post_tag","embeddable":true,"href":"https:\/\/www.europesays.com\/fr\/wp-json\/wp\/v2\/tags?post=382474"}],"curies":[{"name":"wp","href":"https:\/\/api.w.org\/{rel}","templated":true}]}}