{"id":382477,"date":"2025-09-11T10:00:22","date_gmt":"2025-09-11T10:00:22","guid":{"rendered":"https:\/\/www.europesays.com\/fr\/382477\/"},"modified":"2025-09-11T10:00:22","modified_gmt":"2025-09-11T10:00:22","slug":"quai-de-scene-presente-sa-nouvelle-saison-lors-dune-soiree-ouverte-au-public-et-gratuite","status":"publish","type":"post","link":"https:\/\/www.europesays.com\/fr\/382477\/","title":{"rendered":"Quai de Sc\u00e8ne pr\u00e9sente sa nouvelle saison lors d&rsquo;une soir\u00e9e ouverte au public et gratuite"},"content":{"rendered":"<p>            Par<br \/>\n        <strong><br \/>\n            <a href=\"https:\/\/actu.fr\/auteur\/ivan-capecchi\" title=\"Consulter tous les articles de Ivan CAPECCHI\" rel=\"nofollow noopener\" target=\"_blank\">Ivan CAPECCHI<\/a><br \/>\n        <\/strong><\/p>\n<p>        Publi\u00e9 le<\/p>\n<p>            11 sept. 2025 \u00e0 7h02        <\/p>\n<p>Quai de Sc\u00e8ne, un <a href=\"https:\/\/actu.fr\/grand-est\/strasbourg_67482\/salles-de-concert-restaurant-et-terrasse-un-nouveau-lieu-festif-ouvre-au-centre-ville-de-strasbourg_61898636.html\" rel=\"nofollow noopener\" target=\"_blank\">nouveau lieu festif \u00e0 Strasbourg<\/a> qui a ouvert ses portes fin 2024, <strong>pr\u00e9sente sa nouvelle programmation ce vendredi 12 septembre<\/strong>, \u00e0 partir de 18h30.<\/p>\n<p class=\" wall-content\">L\u2019\u00e9v\u00e9nement, <strong>gratuit et ouvert \u00e0 tous en premi\u00e8re partie de soir\u00e9e<\/strong>, permettra de <strong>d\u00e9couvrir les temps forts de la saison<\/strong> pr\u00e9par\u00e9e par la directrice artistique Evelyn Zelada Biecher, avec la participation d\u2019artistes comme Antonia de Rendinger, Michael Alizon ou Cortes.<\/p>\n<p>Soir\u00e9e clubbing<\/p>\n<p class=\" wall-content\">La soir\u00e9e se prolongera sur un format <strong>clubbing<\/strong>, payant cette fois-ci.<\/p>\n<p class=\" wall-content\"><strong>Analg3sia<\/strong> ouvrira le bal de 21h \u00e0 23h, avant de laisser place \u00e0 <strong>Zaatar<\/strong> jusqu\u2019\u00e0 2h, puis au duo berlinois <strong>Mehr is Mehr<\/strong> jusqu\u2019\u00e0 4h.<\/p>\n<p class=\" wall-content\"><a href=\"https:\/\/quaidescene.mapado.com\/event\/589856-lancement-de-saison-soiree-clubbing\" rel=\"nofollow noopener\" target=\"_blank\">Plus d\u2019infos ici<\/a>.<\/p>\n<p class=\" wall-content\">Personnalisez votre actualit\u00e9 en ajoutant vos villes et m\u00e9dias en favori avec <a href=\"https:\/\/moncompte.actu.fr\" title=\"D\u00e9couvez Mon Actu\" rel=\"nofollow noopener\" data-trk=\"{&quot;cta&quot;:{&quot;action&quot;:&quot;https:\\\/\\\/moncompte.actu.fr&quot;,&quot;category&quot;:&quot;mon compte&quot;,&quot;from&quot;:&quot;article footer&quot;,&quot;name&quot;:&quot;Mon actu&quot;,&quot;type&quot;:&quot;cta&quot;}}\" target=\"_blank\">Mon Actu<\/a>.<\/p>\n","protected":false},"excerpt":{"rendered":"Par Ivan CAPECCHI Publi\u00e9 le 11 sept. 2025 \u00e0 7h02 Quai de Sc\u00e8ne, un nouveau lieu festif \u00e0&hellip;\n","protected":false},"author":2,"featured_media":382478,"comment_status":"","ping_status":"","sticky":false,"template":"","format":"standard","meta":{"footnotes":""},"categories":[2820],"tags":[1111,11,1777,674,1011,27,775,1652,12,25,853,640],"class_list":{"0":"post-382477","1":"post","2":"type-post","3":"status-publish","4":"format-standard","5":"has-post-thumbnail","7":"category-strasbourg","8":"tag-actu","9":"tag-actualites","10":"tag-eu","11":"tag-europe","12":"tag-fr","13":"tag-france","14":"tag-grand-est","15":"tag-loisirs-culture","16":"tag-news","17":"tag-republique-francaise","18":"tag-spectacles","19":"tag-strasbourg"},"share_on_mastodon":{"url":"https:\/\/pubeurope.com\/@fr\/115185085557012650","error":""},"_links":{"self":[{"href":"https:\/\/www.europesays.com\/fr\/wp-json\/wp\/v2\/posts\/382477","targetHints":{"allow":["GET"]}}],"collection":[{"href":"https:\/\/www.europesays.com\/fr\/wp-json\/wp\/v2\/posts"}],"about":[{"href":"https:\/\/www.europesays.com\/fr\/wp-json\/wp\/v2\/types\/post"}],"author":[{"embeddable":true,"href":"https:\/\/www.europesays.com\/fr\/wp-json\/wp\/v2\/users\/2"}],"replies":[{"embeddable":true,"href":"https:\/\/www.europesays.com\/fr\/wp-json\/wp\/v2\/comments?post=382477"}],"version-history":[{"count":0,"href":"https:\/\/www.europesays.com\/fr\/wp-json\/wp\/v2\/posts\/382477\/revisions"}],"wp:featuredmedia":[{"embeddable":true,"href":"https:\/\/www.europesays.com\/fr\/wp-json\/wp\/v2\/media\/382478"}],"wp:attachment":[{"href":"https:\/\/www.europesays.com\/fr\/wp-json\/wp\/v2\/media?parent=382477"}],"wp:term":[{"taxonomy":"category","embeddable":true,"href":"https:\/\/www.europesays.com\/fr\/wp-json\/wp\/v2\/categories?post=382477"},{"taxonomy":"post_tag","embeddable":true,"href":"https:\/\/www.europesays.com\/fr\/wp-json\/wp\/v2\/tags?post=382477"}],"curies":[{"name":"wp","href":"https:\/\/api.w.org\/{rel}","templated":true}]}}