{"id":382485,"date":"2025-09-11T10:04:15","date_gmt":"2025-09-11T10:04:15","guid":{"rendered":"https:\/\/www.europesays.com\/fr\/382485\/"},"modified":"2025-09-11T10:04:15","modified_gmt":"2025-09-11T10:04:15","slug":"3-blesses-par-arme-a-feu-dans-le-sud-de-lagglomeration","status":"publish","type":"post","link":"https:\/\/www.europesays.com\/fr\/382485\/","title":{"rendered":"3 bless\u00e9s par arme \u00e0 feu dans le sud de l\u2019agglom\u00e9ration"},"content":{"rendered":"<p>Deux individus, dont un homme possiblement arm\u00e9 d\u2019une kalachnikov, sont activement recherch\u00e9s ce jeudi matin, au lendemain d\u2019une attaque qui a fait plusieurs victimes, sur un point de deal du sud de l\u2019agglom\u00e9ration.<\/p>\n<p class=\"fig-paragraph\">Tous les sympt\u00f4mes d\u2019une guerre de territoire entre\u00a0<a href=\"http:\/\/www.lefigaro.fr\/nantes\/nantes-une-experimentation-pour-limiter-l-embrigadement-des-jeunes-dans-le-narcotrafic-20250305\" target=\"_blank\" data-fig-type=\"NewsFlash\" rel=\"noopener nofollow\" data-gtm-custom-categorie=\"navigation\" data-gtm-custom-action=\"crossclick\" data-gtm-custom-label=\"Contextuel\" data-gtm-event=\"customEventSPE\" data-fig-domain=\"LEFIGARO\">narcotrafiquants de la cit\u00e9 des ducs<\/a>. Apr\u00e8s plusieurs soir\u00e9es de tension, trois hommes ont \u00e9t\u00e9 bless\u00e9s par balles, dans la soir\u00e9e du mercredi 10 septembre, lors d\u2019une attaque \u00e0 arme \u00e0 feu qui s\u2019est d\u00e9roul\u00e9e\u00a0<a href=\"https:\/\/www.lefigaro.fr\/nantes\" target=\"_blank\" data-fig-type=\"Section\" rel=\"sponsored noopener nofollow\" data-gtm-custom-categorie=\"navigation\" data-gtm-custom-action=\"crossclick\" data-gtm-custom-label=\"Contextuel\" data-gtm-event=\"customEventSPE\" data-fig-domain=\"LEFIGARO\">\u00e0 Nantes<\/a>\u00a0(Loire-Atlantique), au niveau d\u2019un point de deal du quartier de Pirmil. D\u00e9p\u00each\u00e9s sur place vers 23h, apr\u00e8s avoir \u00e9t\u00e9 alert\u00e9s de coups de feu par des riverains, les policiers ont quadrill\u00e9 le secteur \u00e0 la recherche des auteurs de l\u2019attaque. Jeudi matin, deux hommes demeuraient activement recherch\u00e9s, confirme le parquet de Nantes.<\/p>\n<p class=\"fig-paragraph\">Les trois victimes ont \u00e9t\u00e9 transport\u00e9es au\u00a0<a href=\"http:\/\/www.lefigaro.fr\/nantes\/nantes-un-second-blesse-par-balles-admis-au-chu-en-une-semaine-20250307\" target=\"_blank\" data-fig-type=\"NewsFlash\" rel=\"noopener nofollow\" data-gtm-custom-categorie=\"navigation\" data-gtm-custom-action=\"crossclick\" data-gtm-custom-label=\"Contextuel\" data-gtm-event=\"customEventSPE\" data-fig-domain=\"LEFIGARO\">CHU de Nantes<\/a>. Elles s\u2019y trouvent toujours hospitalis\u00e9es ce jeudi. Leur pronostic vital n\u2019est pas engag\u00e9. Selon les informations du quotidien\u00a0<a href=\"https:\/\/www.ouest-france.fr\/societe\/faits-divers\/des-suspects-ont-ouvert-le-feu-pres-dun-point-de-deal-mercredi-soir-a-nantes-3-blesses-par-balle-234d55f4-8ece-11f0-b721-b06ecd26fbd1\" target=\"_blank\" rel=\"sponsored noopener nofollow\" data-gtm-custom-categorie=\"navigation\" data-gtm-custom-action=\"crossclick\" data-gtm-custom-label=\"Contextuel\" data-gtm-event=\"customEventSPE\">Ouest France<\/a>, l\u2019un des individus bless\u00e9s aurait \u00e9t\u00e9 touch\u00e9 \u00e0 cinq reprises. Des douilles de 9\u00a0mm ont \u00e9t\u00e9 retrouv\u00e9es sur les lieux de l\u2019attaque, au confluent de la Loire et de la S\u00e8vre nantaise. Selon de premiers t\u00e9moignages, les deux assaillants seraient arm\u00e9s d\u2019une arme de poing ainsi que d\u2019un fusil d\u2019assaut de type kalachnikov.<\/p>\n<p>                                    <a class=\"fig-a11y-skip a11y-hidden\" href=\"#fig-a11y-skip-main-inarticle\"><br \/>\n        Passer la publicit\u00e9<br \/>\n    <\/a><\/p>\n<p class=\"fig-paragraph\">La division de la criminalit\u00e9 organis\u00e9e et sp\u00e9cialis\u00e9e (DCOS) s\u2019est empar\u00e9e de l\u2019enqu\u00eate. Le nord du quartier de Pirmil est\u00a0<a href=\"http:\/\/www.lefigaro.fr\/nantes\/nantes-un-blesse-par-balle-et-trois-interpellations-apres-des-coups-de-feu-tires-en-fin-de-matinee-20250811\" target=\"_blank\" data-fig-type=\"NewsFlash\" rel=\"noopener nofollow\" data-gtm-custom-categorie=\"navigation\" data-gtm-custom-action=\"crossclick\" data-gtm-custom-label=\"Contextuel\" data-gtm-event=\"customEventSPE\" data-fig-domain=\"LEFIGARO\">le th\u00e9\u00e2tre de violences accrues<\/a>\u00a0entre groupes rivaux. Plusieurs coups de feu ont \u00e9clat\u00e9 ces derni\u00e8res semaines dans le secteur, notamment d\u00e9but septembre. Un homme avait d\u00e9j\u00e0 \u00e9t\u00e9 bless\u00e9 par arme \u00e0 feu au moins d\u2019ao\u00fbt.<\/p>\n","protected":false},"excerpt":{"rendered":"Deux individus, dont un homme possiblement arm\u00e9 d\u2019une kalachnikov, sont activement recherch\u00e9s ce jeudi matin, au lendemain d\u2019une&hellip;\n","protected":false},"author":2,"featured_media":382486,"comment_status":"","ping_status":"","sticky":false,"template":"","format":"standard","meta":{"footnotes":""},"categories":[2818],"tags":[1111,11,5143,1777,674,1011,27,766,12,2636,25,2949],"class_list":{"0":"post-382485","1":"post","2":"type-post","3":"status-publish","4":"format-standard","5":"has-post-thumbnail","7":"category-nantes","8":"tag-actu","9":"tag-actualites","10":"tag-coups-de-feu","11":"tag-eu","12":"tag-europe","13":"tag-fr","14":"tag-france","15":"tag-nantes","16":"tag-news","17":"tag-pays-de-la-loire","18":"tag-republique-francaise","19":"tag-violences"},"share_on_mastodon":{"url":"https:\/\/pubeurope.com\/@fr\/115185101413476469","error":""},"_links":{"self":[{"href":"https:\/\/www.europesays.com\/fr\/wp-json\/wp\/v2\/posts\/382485","targetHints":{"allow":["GET"]}}],"collection":[{"href":"https:\/\/www.europesays.com\/fr\/wp-json\/wp\/v2\/posts"}],"about":[{"href":"https:\/\/www.europesays.com\/fr\/wp-json\/wp\/v2\/types\/post"}],"author":[{"embeddable":true,"href":"https:\/\/www.europesays.com\/fr\/wp-json\/wp\/v2\/users\/2"}],"replies":[{"embeddable":true,"href":"https:\/\/www.europesays.com\/fr\/wp-json\/wp\/v2\/comments?post=382485"}],"version-history":[{"count":0,"href":"https:\/\/www.europesays.com\/fr\/wp-json\/wp\/v2\/posts\/382485\/revisions"}],"wp:featuredmedia":[{"embeddable":true,"href":"https:\/\/www.europesays.com\/fr\/wp-json\/wp\/v2\/media\/382486"}],"wp:attachment":[{"href":"https:\/\/www.europesays.com\/fr\/wp-json\/wp\/v2\/media?parent=382485"}],"wp:term":[{"taxonomy":"category","embeddable":true,"href":"https:\/\/www.europesays.com\/fr\/wp-json\/wp\/v2\/categories?post=382485"},{"taxonomy":"post_tag","embeddable":true,"href":"https:\/\/www.europesays.com\/fr\/wp-json\/wp\/v2\/tags?post=382485"}],"curies":[{"name":"wp","href":"https:\/\/api.w.org\/{rel}","templated":true}]}}