{"id":382489,"date":"2025-09-11T10:06:15","date_gmt":"2025-09-11T10:06:15","guid":{"rendered":"https:\/\/www.europesays.com\/fr\/382489\/"},"modified":"2025-09-11T10:06:15","modified_gmt":"2025-09-11T10:06:15","slug":"un-bon-plan-etudiant-a-ne-pas-manquer","status":"publish","type":"post","link":"https:\/\/www.europesays.com\/fr\/382489\/","title":{"rendered":"un bon plan \u00e9tudiant \u00e0 ne pas manquer"},"content":{"rendered":"<p>\u00c9tudiants bordelais, prenez note : une <strong>braderie solidaire<\/strong> se tiendra sur le campus de Pessac ce <strong>dimanche 14 septembre 2025<\/strong>, de <strong>12 h \u00e0 18 h<\/strong>, sur le site du S\u2019pace campus. Accessible, utile et \u00e9cologique, elle s\u2019annonce comme un rendez-vous \u00e0 la fois \u00e9conomique et solidaire pour celles et ceux qui cherchent de bonnes affaires. <\/p>\n<p>Sur place, vous trouverez mobilier, vaisselle, v\u00eatements d\u2019occasion, appareils pratiques pour le quotidien, mais aussi des v\u00e9los remis \u00e0 neuf ou propos\u00e9s \u00e0 bas prix. C\u2019est l\u2019occasion r\u00eav\u00e9e de d\u00e9nicher ce qu\u2019il vous faut pour am\u00e9nager votre logement \u00e9tudiant sans vous ruiner, tout en donnant une seconde vie \u00e0 des objets.<\/p>\n<p><img fetchpriority=\"high\" decoding=\"async\" width=\"1024\" height=\"580\" src=\"https:\/\/www.europesays.com\/fr\/wp-content\/uploads\/2025\/09\/braderie-etudiante-pessac-1024x580.jpeg\" alt=\"\" class=\"wp-image-83456\"  \/>\u00c9tudiants bordelais, prenez note : une <strong>braderie solidaire<\/strong> se tiendra sur le campus de Pessac ce <strong>dimanche 14 septembre 2025<\/strong>, de <strong>12 h \u00e0 18 h<\/strong> Cr\u00e9dit : France Bleu<\/p>\n<p>Mais la braderie ne s\u2019arr\u00eate pas aux \u00e9changes mat\u00e9riels : un espace associatif sera consacr\u00e9 au <strong>r\u00e9emploi<\/strong> et \u00e0 l\u2019<strong>\u00e9cologie<\/strong>. Animations, musique et petite restauration agr\u00e9menteront cette journ\u00e9e. Un moment de partage o\u00f9 l\u2019on m\u00eale bonnes affaires, rencontre, et sensibilisation aux enjeux environnementaux. <\/p>\n<p>L\u2019\u00e9v\u00e9nement aura lieu au <strong>18 avenue de Bardanac<\/strong>, arr\u00eat tram <strong>Montaigne-Montesquieu<\/strong>, ce qui le rend facilement accessible pour les \u00e9tudiants.<\/p>\n<p>En bref, cette braderie solidaire sur le campus de Pessac est un bon plan \u00e9tudiant alliant utilit\u00e9, solidarit\u00e9 et \u00e9cologie. Que vous cherchiez \u00e0 meubler votre studio, \u00e0 compl\u00e9ter votre dressing, ou simplement \u00e0 vous engager un peu plus dans une consommation responsable, cette journ\u00e9e est faite pour vous.<\/p>\n<p>A lire aussi : <a href=\"https:\/\/www.bougerabordeaux.com\/actu\/bordeaux-la-porte-cailhau-illuminee-en-or-pour-soutenir-les-enfants-atteints-de-cancer\/\" rel=\"nofollow noopener\" target=\"_blank\">Bordeaux : la porte Cailhau illumin\u00e9e en or pour soutenir les enfants atteints de cancer<\/a><\/p>\n","protected":false},"excerpt":{"rendered":"\u00c9tudiants bordelais, prenez note : une braderie solidaire se tiendra sur le campus de Pessac ce dimanche 14&hellip;\n","protected":false},"author":2,"featured_media":382490,"comment_status":"","ping_status":"","sticky":false,"template":"","format":"standard","meta":{"footnotes":""},"categories":[2817],"tags":[1111,11,1997,1777,674,1011,27,12,2219,25],"class_list":{"0":"post-382489","1":"post","2":"type-post","3":"status-publish","4":"format-standard","5":"has-post-thumbnail","7":"category-bordeaux","8":"tag-actu","9":"tag-actualites","10":"tag-bordeaux","11":"tag-eu","12":"tag-europe","13":"tag-fr","14":"tag-france","15":"tag-news","16":"tag-nouvelle-aquitaine","17":"tag-republique-francaise"},"share_on_mastodon":{"url":"https:\/\/pubeurope.com\/@fr\/115185109719684605","error":""},"_links":{"self":[{"href":"https:\/\/www.europesays.com\/fr\/wp-json\/wp\/v2\/posts\/382489","targetHints":{"allow":["GET"]}}],"collection":[{"href":"https:\/\/www.europesays.com\/fr\/wp-json\/wp\/v2\/posts"}],"about":[{"href":"https:\/\/www.europesays.com\/fr\/wp-json\/wp\/v2\/types\/post"}],"author":[{"embeddable":true,"href":"https:\/\/www.europesays.com\/fr\/wp-json\/wp\/v2\/users\/2"}],"replies":[{"embeddable":true,"href":"https:\/\/www.europesays.com\/fr\/wp-json\/wp\/v2\/comments?post=382489"}],"version-history":[{"count":0,"href":"https:\/\/www.europesays.com\/fr\/wp-json\/wp\/v2\/posts\/382489\/revisions"}],"wp:featuredmedia":[{"embeddable":true,"href":"https:\/\/www.europesays.com\/fr\/wp-json\/wp\/v2\/media\/382490"}],"wp:attachment":[{"href":"https:\/\/www.europesays.com\/fr\/wp-json\/wp\/v2\/media?parent=382489"}],"wp:term":[{"taxonomy":"category","embeddable":true,"href":"https:\/\/www.europesays.com\/fr\/wp-json\/wp\/v2\/categories?post=382489"},{"taxonomy":"post_tag","embeddable":true,"href":"https:\/\/www.europesays.com\/fr\/wp-json\/wp\/v2\/tags?post=382489"}],"curies":[{"name":"wp","href":"https:\/\/api.w.org\/{rel}","templated":true}]}}