{"id":382491,"date":"2025-09-11T10:07:11","date_gmt":"2025-09-11T10:07:11","guid":{"rendered":"https:\/\/www.europesays.com\/fr\/382491\/"},"modified":"2025-09-11T10:07:11","modified_gmt":"2025-09-11T10:07:11","slug":"la-porte-cailhau-illuminee-en-or-pour-soutenir-les-enfants-atteints-de-cancer","status":"publish","type":"post","link":"https:\/\/www.europesays.com\/fr\/382491\/","title":{"rendered":"la porte Cailhau illumin\u00e9e en or pour soutenir les enfants atteints de cancer"},"content":{"rendered":"<p>Le samedi 13 septembre 2025 \u00e0 20 h 30, la porte Cailhau, l\u2019un des monuments embl\u00e9matiques de Bordeaux, se parera d\u2019une lumi\u00e8re dor\u00e9e. Cette illumination, hautement symbolique, vise \u00e0 rendre hommage aux enfants atteints de cancer et \u00e0 t\u00e9moigner du soutien de la ville \u00e0 leur combat quotidien.<\/p>\n<p>Bordeaux rejoint ainsi une mobilisation nationale qui, le m\u00eame soir, r\u00e9unira une douzaine de villes fran\u00e7aises autour de ce geste fort. De Lyon \u00e0 Marseille, en passant par Strasbourg, Angers et Paris \u2013 o\u00f9 la tour Eiffel scintillera en or \u2013 les monuments se feront les porte-voix d\u2019un m\u00eame message d\u2019espoir et de solidarit\u00e9.<\/p>\n<p><img fetchpriority=\"high\" decoding=\"async\" width=\"1024\" height=\"602\" src=\"https:\/\/www.bougerabordeaux.com\/wp-content\/uploads\/2025\/09\/visite-porte-cailhau-1024x602.webp\" alt=\"\" class=\"wp-image-83453\"  \/>Le samedi 13 septembre 2025 \u00e0 20 h 30, la porte Cailhau, l\u2019un des monuments embl\u00e9matiques de Bordeaux, se parera d\u2019une lumi\u00e8re dor\u00e9e. Cr\u00e9dit : porte-cailhau.com <\/p>\n<p>L\u2019initiative est port\u00e9e par la <strong>Ligue contre le cancer<\/strong> et organis\u00e9e sous l\u2019\u00e9gide de la <strong>Soci\u00e9t\u00e9 fran\u00e7aise de lutte contre les cancers et leuc\u00e9mies de l\u2019enfant et de l\u2019adolescent (SFCE)<\/strong>. Elle s\u2019inscrit dans le cadre de la campagne nationale de sensibilisation qui a pour slogan : \u00ab Gu\u00e9rir plus et gu\u00e9rir mieux. \u00bb<\/p>\n<p>Au-del\u00e0 de l\u2019\u00e9motion, cette op\u00e9ration vise aussi \u00e0 rappeler un enjeu majeur : le cancer p\u00e9diatrique reste la premi\u00e8re cause de d\u00e9c\u00e8s par maladie chez l\u2019enfant en France. Soutenir la recherche, am\u00e9liorer les traitements et accompagner les familles sont des priorit\u00e9s que cette soir\u00e9e met en lumi\u00e8re.<\/p>\n<p>En habillant la porte Cailhau d\u2019or, Bordeaux affirme sa volont\u00e9 de participer \u00e0 cette cha\u00eene de solidarit\u00e9 nationale, o\u00f9 la beaut\u00e9 du patrimoine se met au service d\u2019une cause essentielle. Force a tous ceux qui luttent contre la maladie.<\/p>\n<p>A lire aussi : <a href=\"https:\/\/www.bougerabordeaux.com\/actu\/equipements-sportifs-a-bordeaux-des-grands-chantiers-livres-entre-2025-et-2026\/\" rel=\"nofollow noopener\" target=\"_blank\">\u00c9quipements sportifs \u00e0 Bordeaux : des grands chantiers livr\u00e9s entre 2025 et 2026<\/a><\/p>\n","protected":false},"excerpt":{"rendered":"Le samedi 13 septembre 2025 \u00e0 20 h 30, la porte Cailhau, l\u2019un des monuments embl\u00e9matiques de Bordeaux,&hellip;\n","protected":false},"author":2,"featured_media":382492,"comment_status":"","ping_status":"","sticky":false,"template":"","format":"standard","meta":{"footnotes":""},"categories":[2817],"tags":[1111,11,1997,1777,674,1011,27,12,2219,25],"class_list":{"0":"post-382491","1":"post","2":"type-post","3":"status-publish","4":"format-standard","5":"has-post-thumbnail","7":"category-bordeaux","8":"tag-actu","9":"tag-actualites","10":"tag-bordeaux","11":"tag-eu","12":"tag-europe","13":"tag-fr","14":"tag-france","15":"tag-news","16":"tag-nouvelle-aquitaine","17":"tag-republique-francaise"},"share_on_mastodon":{"url":"https:\/\/pubeurope.com\/@fr\/115185113252011491","error":""},"_links":{"self":[{"href":"https:\/\/www.europesays.com\/fr\/wp-json\/wp\/v2\/posts\/382491","targetHints":{"allow":["GET"]}}],"collection":[{"href":"https:\/\/www.europesays.com\/fr\/wp-json\/wp\/v2\/posts"}],"about":[{"href":"https:\/\/www.europesays.com\/fr\/wp-json\/wp\/v2\/types\/post"}],"author":[{"embeddable":true,"href":"https:\/\/www.europesays.com\/fr\/wp-json\/wp\/v2\/users\/2"}],"replies":[{"embeddable":true,"href":"https:\/\/www.europesays.com\/fr\/wp-json\/wp\/v2\/comments?post=382491"}],"version-history":[{"count":0,"href":"https:\/\/www.europesays.com\/fr\/wp-json\/wp\/v2\/posts\/382491\/revisions"}],"wp:featuredmedia":[{"embeddable":true,"href":"https:\/\/www.europesays.com\/fr\/wp-json\/wp\/v2\/media\/382492"}],"wp:attachment":[{"href":"https:\/\/www.europesays.com\/fr\/wp-json\/wp\/v2\/media?parent=382491"}],"wp:term":[{"taxonomy":"category","embeddable":true,"href":"https:\/\/www.europesays.com\/fr\/wp-json\/wp\/v2\/categories?post=382491"},{"taxonomy":"post_tag","embeddable":true,"href":"https:\/\/www.europesays.com\/fr\/wp-json\/wp\/v2\/tags?post=382491"}],"curies":[{"name":"wp","href":"https:\/\/api.w.org\/{rel}","templated":true}]}}