{"id":382493,"date":"2025-09-11T10:08:16","date_gmt":"2025-09-11T10:08:16","guid":{"rendered":"https:\/\/www.europesays.com\/fr\/382493\/"},"modified":"2025-09-11T10:08:16","modified_gmt":"2025-09-11T10:08:16","slug":"toulouse-fifigrot-14-le-cinema-grolandais-en-fete-du-15-au-21-septembre","status":"publish","type":"post","link":"https:\/\/www.europesays.com\/fr\/382493\/","title":{"rendered":"Toulouse | FIFIGROT #14, le cin\u00e9ma grolandais en f\u00eate du 15 au 21 septembre"},"content":{"rendered":"<p>\t\t\t\tD\u00e9ferlante de satire libre et de cin\u00e9ma hors norme, le FIFIGROT revient pour une quatorzi\u00e8me \u00e9dition du 15 au 21 septembre et prolonge l\u2019esprit Groland avec des concerts, bitrots-cin\u00e9, performances, d\u00e9fil\u00e9 carnavalesque et bien s\u00fbr, un grand nombre de projections.<\/p>\n<p style=\"text-align: justify;\">Le festival propose notamment des avant-premi\u00e8res, des raret\u00e9s exclusives et des r\u00e9cits engag\u00e9s. La programmation, souvent radicale, oscille entre la satire soci\u00e9tale acide et l\u2019exp\u00e9rimental artistique. Le \u00ab\u202fGro\u2019village\u202f\u00bb s\u2019installe de nouveau au Port Viguerie, c\u0153ur festif d\u2019une semaine qui s\u2019annonce joyeusement irr\u00e9v\u00e9rencieuse.<\/p>\n<p style=\"text-align: justify;\"><strong>Plus d\u2019infos : <a href=\"https:\/\/fifigrot.com\/\" target=\"_blank\" rel=\"noopener nofollow\">fifigrot.com<\/a><\/strong><\/p>\n","protected":false},"excerpt":{"rendered":"D\u00e9ferlante de satire libre et de cin\u00e9ma hors norme, le FIFIGROT revient pour une quatorzi\u00e8me \u00e9dition du 15&hellip;\n","protected":false},"author":2,"featured_media":382494,"comment_status":"","ping_status":"","sticky":false,"template":"","format":"standard","meta":{"footnotes":""},"categories":[2816],"tags":[1111,11,1777,674,1011,27,12,2680,25,2312],"class_list":{"0":"post-382493","1":"post","2":"type-post","3":"status-publish","4":"format-standard","5":"has-post-thumbnail","7":"category-toulouse","8":"tag-actu","9":"tag-actualites","10":"tag-eu","11":"tag-europe","12":"tag-fr","13":"tag-france","14":"tag-news","15":"tag-occitanie","16":"tag-republique-francaise","17":"tag-toulouse"},"share_on_mastodon":{"url":"https:\/\/pubeurope.com\/@fr\/115185117229718567","error":""},"_links":{"self":[{"href":"https:\/\/www.europesays.com\/fr\/wp-json\/wp\/v2\/posts\/382493","targetHints":{"allow":["GET"]}}],"collection":[{"href":"https:\/\/www.europesays.com\/fr\/wp-json\/wp\/v2\/posts"}],"about":[{"href":"https:\/\/www.europesays.com\/fr\/wp-json\/wp\/v2\/types\/post"}],"author":[{"embeddable":true,"href":"https:\/\/www.europesays.com\/fr\/wp-json\/wp\/v2\/users\/2"}],"replies":[{"embeddable":true,"href":"https:\/\/www.europesays.com\/fr\/wp-json\/wp\/v2\/comments?post=382493"}],"version-history":[{"count":0,"href":"https:\/\/www.europesays.com\/fr\/wp-json\/wp\/v2\/posts\/382493\/revisions"}],"wp:featuredmedia":[{"embeddable":true,"href":"https:\/\/www.europesays.com\/fr\/wp-json\/wp\/v2\/media\/382494"}],"wp:attachment":[{"href":"https:\/\/www.europesays.com\/fr\/wp-json\/wp\/v2\/media?parent=382493"}],"wp:term":[{"taxonomy":"category","embeddable":true,"href":"https:\/\/www.europesays.com\/fr\/wp-json\/wp\/v2\/categories?post=382493"},{"taxonomy":"post_tag","embeddable":true,"href":"https:\/\/www.europesays.com\/fr\/wp-json\/wp\/v2\/tags?post=382493"}],"curies":[{"name":"wp","href":"https:\/\/api.w.org\/{rel}","templated":true}]}}