{"id":382495,"date":"2025-09-11T10:09:14","date_gmt":"2025-09-11T10:09:14","guid":{"rendered":"https:\/\/www.europesays.com\/fr\/382495\/"},"modified":"2025-09-11T10:09:14","modified_gmt":"2025-09-11T10:09:14","slug":"avant-toulouse-grenoble-et-gennevilliers-nerac-accueille-une-exposition-nationale-pour-contrer-la-desinformation-climatique","status":"publish","type":"post","link":"https:\/\/www.europesays.com\/fr\/382495\/","title":{"rendered":"Avant Toulouse, Grenoble et Gennevilliers, N\u00e9rac accueille une exposition nationale pour contrer la d\u00e9sinformation climatique"},"content":{"rendered":"<p>\n                                                                    l&rsquo;essentiel<br \/>\n                                                                Avant de s\u2019installer \u00e0 Grenoble, Toulouse ou Gennevilliers, l\u2019Espace d\u2019Albret a la chance d\u2019accueillir la Tourn\u00e9e du climat et de la biodiversit\u00e9 jusqu\u2019\u00e0 dimanche.\n                            <\/p>\n<p>Ce vendredi 12\u00a0septembre, la Tourn\u00e9e du climat et de la biodiversit\u00e9 a choisi N\u00e9rac pour sa rentr\u00e9e. Cette exposition itin\u00e9rante dans l\u2019ensemble du pays a d\u00e9j\u00e0 r\u00e9uni plus de 28\u00a0999 visiteurs en 26 \u00e9tapes depuis 2023. Objectif\u00a0: remettre la science en mouvement, sur le terrain, l\u00e0 o\u00f9 se construisent les r\u00e9ponses aux d\u00e9fis climat et biodiversit\u00e9.<\/p>\n<p>Serge Planton, climatologue et ancien responsable du groupe de recherche climatique de M\u00e9t\u00e9o-France, contributeur aux rapports d\u2019expertise du Giec, sera pr\u00e9sent pour accompagner les visiteurs au sein de l\u2019exposition. Originaire de l\u2019Albret, il a contribu\u00e9 aux Rencontres de N\u00e9rac depuis leur cr\u00e9ation en 2023.<\/p>\n<p class=\"std-elt__inline\">\n        <strong>\u00c0 lire aussi :<\/strong><br \/>\n        <a href=\"https:\/\/www.ladepeche.fr\/2025\/09\/03\/des-universitaires-de-bordeaux-et-toulouse-viennent-donner-des-conferences-passionnantes-sur-notre-societe-et-ses-evolutions-a-nerac-12908913.php\" rel=\"nofollow noopener\" target=\"_blank\">Des universitaires de Bordeaux et Toulouse viennent donner des conf\u00e9rences passionnantes sur notre soci\u00e9t\u00e9 et ses \u00e9volutions \u00e0 N\u00e9rac<\/a>\n    <\/p>\n<p>Port\u00e9e par l\u2019association M\u00e9t\u00e9o et Climat, la Tourn\u00e9e du climat et de la biodiversit\u00e9 est un outil de m\u00e9diation unique en son genre, con\u00e7u et anim\u00e9 par des chercheurs issus d\u2019organismes scientifiques nationaux. Accessible, gratuite, interg\u00e9n\u00e9rationnelle, elle propose une plong\u00e9e sensible et p\u00e9dagogique dans les grands enjeux du climat et de la biodiversit\u00e9\u2026 Et surtout, dans les solutions concr\u00e8tes \u00e0 mettre en \u0153uvre.<\/p>\n<p>Contrer la d\u00e9sinformation<\/p>\n<p>Alors que la d\u00e9sinformation climatique progresse et que les citoyens se sentent souvent impuissants, la Tourn\u00e9e du climat et de la biodiversit\u00e9 permet de renouer avec une parole scientifique directe, vivante, incarn\u00e9e. Chaque visite est une rencontre\u00a0: avec des savoirs, mais aussi avec celles et ceux qui les portent. Les \u00ab\u00a0messagers\u00a0\u00bb de la Tourn\u00e9e \u2013 scientifiques de diff\u00e9rentes disciplines \u2013 accompagnent les visiteurs et partagent leurs connaissances \u00e0 hauteur d\u2019humain. Une mani\u00e8re de retisser du lien entre science et soci\u00e9t\u00e9.<\/p>\n<p class=\"std-elt__inline\">\n        <strong>\u00c0 lire aussi :<\/strong><br \/>\n        <a href=\"https:\/\/www.ladepeche.fr\/2025\/09\/09\/municipales-2026-a-nerac-nicolas-lacombe-parti-pour-faire-cavalier-seul-une-premiere-depuis-90-ans-12920271.php\" rel=\"nofollow noopener\" target=\"_blank\">Municipales 2026 \u00e0 N\u00e9rac\u00a0: Nicolas Lacombe parti pour faire cavalier seul, une premi\u00e8re depuis 90 ans<\/a>\n    <\/p>\n<p>L\u2019exposition est ouverte au public de 9\u00a0heures \u00e0 18\u00a0heures ce vendredi et ce samedi, et de 10\u00a0heures \u00e0 16\u00a0heures dimanche. Entr\u00e9e libre et gratuite.<\/p>\n","protected":false},"excerpt":{"rendered":"l&rsquo;essentiel Avant de s\u2019installer \u00e0 Grenoble, Toulouse ou Gennevilliers, l\u2019Espace d\u2019Albret a la chance d\u2019accueillir la Tourn\u00e9e du&hellip;\n","protected":false},"author":2,"featured_media":382496,"comment_status":"","ping_status":"","sticky":false,"template":"","format":"standard","meta":{"footnotes":""},"categories":[2816],"tags":[1111,11,1777,674,1011,27,12,2680,25,2312],"class_list":{"0":"post-382495","1":"post","2":"type-post","3":"status-publish","4":"format-standard","5":"has-post-thumbnail","7":"category-toulouse","8":"tag-actu","9":"tag-actualites","10":"tag-eu","11":"tag-europe","12":"tag-fr","13":"tag-france","14":"tag-news","15":"tag-occitanie","16":"tag-republique-francaise","17":"tag-toulouse"},"share_on_mastodon":{"url":"https:\/\/pubeurope.com\/@fr\/115185120901997619","error":""},"_links":{"self":[{"href":"https:\/\/www.europesays.com\/fr\/wp-json\/wp\/v2\/posts\/382495","targetHints":{"allow":["GET"]}}],"collection":[{"href":"https:\/\/www.europesays.com\/fr\/wp-json\/wp\/v2\/posts"}],"about":[{"href":"https:\/\/www.europesays.com\/fr\/wp-json\/wp\/v2\/types\/post"}],"author":[{"embeddable":true,"href":"https:\/\/www.europesays.com\/fr\/wp-json\/wp\/v2\/users\/2"}],"replies":[{"embeddable":true,"href":"https:\/\/www.europesays.com\/fr\/wp-json\/wp\/v2\/comments?post=382495"}],"version-history":[{"count":0,"href":"https:\/\/www.europesays.com\/fr\/wp-json\/wp\/v2\/posts\/382495\/revisions"}],"wp:featuredmedia":[{"embeddable":true,"href":"https:\/\/www.europesays.com\/fr\/wp-json\/wp\/v2\/media\/382496"}],"wp:attachment":[{"href":"https:\/\/www.europesays.com\/fr\/wp-json\/wp\/v2\/media?parent=382495"}],"wp:term":[{"taxonomy":"category","embeddable":true,"href":"https:\/\/www.europesays.com\/fr\/wp-json\/wp\/v2\/categories?post=382495"},{"taxonomy":"post_tag","embeddable":true,"href":"https:\/\/www.europesays.com\/fr\/wp-json\/wp\/v2\/tags?post=382495"}],"curies":[{"name":"wp","href":"https:\/\/api.w.org\/{rel}","templated":true}]}}