{"id":382497,"date":"2025-09-11T10:11:13","date_gmt":"2025-09-11T10:11:13","guid":{"rendered":"https:\/\/www.europesays.com\/fr\/382497\/"},"modified":"2025-09-11T10:11:13","modified_gmt":"2025-09-11T10:11:13","slug":"olivier-gradel-prend-la-direction-du-furet-de-lille","status":"publish","type":"post","link":"https:\/\/www.europesays.com\/fr\/382497\/","title":{"rendered":"Olivier Gradel prend la direction du Furet de Lille"},"content":{"rendered":"<p melodystyle=\"texte\">Depuis le 1er septembre 2025, Olivier Gradel compte parmi les effectifs du groupe nordiste Nosoli (649 salari\u00e9s, 160 M\u20ac de CA 2023), bas\u00e9 \u00e0 Tourcoing (Nord). Il y occupe la fonction de directeur du magasin Furet du Nord de Lille. Apr\u00e8s une carri\u00e8re de joueur professionnel de handball, jusqu\u2019en 2003, Olivier Gradel a assum\u00e9 des fonctions de direction chez les distributeurs nordistes D\u00e9cathlon et Boulanger. Il est par ailleurs pr\u00e9sident de l\u2019OMR Marcq Rugby Lille M\u00e9tropole, depuis 2019. Le groupe Nosoli compte 27 librairies sous les enseignes Decitre et Furet du Nord.<\/p>\n","protected":false},"excerpt":{"rendered":"Depuis le 1er septembre 2025, Olivier Gradel compte parmi les effectifs du groupe nordiste Nosoli (649 salari\u00e9s, 160&hellip;\n","protected":false},"author":2,"featured_media":382498,"comment_status":"","ping_status":"","sticky":false,"template":"","format":"standard","meta":{"footnotes":""},"categories":[2815],"tags":[1111,11,1777,674,1011,27,811,1307,12,25],"class_list":{"0":"post-382497","1":"post","2":"type-post","3":"status-publish","4":"format-standard","5":"has-post-thumbnail","7":"category-lille","8":"tag-actu","9":"tag-actualites","10":"tag-eu","11":"tag-europe","12":"tag-fr","13":"tag-france","14":"tag-hauts-de-france","15":"tag-lille","16":"tag-news","17":"tag-republique-francaise"},"share_on_mastodon":{"url":"https:\/\/pubeurope.com\/@fr\/115185129035425157","error":""},"_links":{"self":[{"href":"https:\/\/www.europesays.com\/fr\/wp-json\/wp\/v2\/posts\/382497","targetHints":{"allow":["GET"]}}],"collection":[{"href":"https:\/\/www.europesays.com\/fr\/wp-json\/wp\/v2\/posts"}],"about":[{"href":"https:\/\/www.europesays.com\/fr\/wp-json\/wp\/v2\/types\/post"}],"author":[{"embeddable":true,"href":"https:\/\/www.europesays.com\/fr\/wp-json\/wp\/v2\/users\/2"}],"replies":[{"embeddable":true,"href":"https:\/\/www.europesays.com\/fr\/wp-json\/wp\/v2\/comments?post=382497"}],"version-history":[{"count":0,"href":"https:\/\/www.europesays.com\/fr\/wp-json\/wp\/v2\/posts\/382497\/revisions"}],"wp:featuredmedia":[{"embeddable":true,"href":"https:\/\/www.europesays.com\/fr\/wp-json\/wp\/v2\/media\/382498"}],"wp:attachment":[{"href":"https:\/\/www.europesays.com\/fr\/wp-json\/wp\/v2\/media?parent=382497"}],"wp:term":[{"taxonomy":"category","embeddable":true,"href":"https:\/\/www.europesays.com\/fr\/wp-json\/wp\/v2\/categories?post=382497"},{"taxonomy":"post_tag","embeddable":true,"href":"https:\/\/www.europesays.com\/fr\/wp-json\/wp\/v2\/tags?post=382497"}],"curies":[{"name":"wp","href":"https:\/\/api.w.org\/{rel}","templated":true}]}}