{"id":382499,"date":"2025-09-11T10:12:14","date_gmt":"2025-09-11T10:12:14","guid":{"rendered":"https:\/\/www.europesays.com\/fr\/382499\/"},"modified":"2025-09-11T10:12:14","modified_gmt":"2025-09-11T10:12:14","slug":"les-ceramiques-de-lea-caie-des-refuges-pour-les-plantes","status":"publish","type":"post","link":"https:\/\/www.europesays.com\/fr\/382499\/","title":{"rendered":"les c\u00e9ramiques de L\u00e9a Ca\u00efe, des refuges pour les plantes"},"content":{"rendered":"<p>L\u00e9a Ca\u00efe ouvre les portes de son atelier situ\u00e9 rue du petit chantier, dans le 7e arrondissement de <a href=\"https:\/\/www.laprovence.com\/bouches-du-rhone\/marseille-13055\" target=\"_blank\" rel=\"noopener\">Marseille<\/a>, tapiss\u00e9 de sculptures murales. La trentenaire en blouse applique de la fa\u00efence sur ses \u0153uvres. Ici, elle cr\u00e9e des <a href=\"https:\/\/www.laprovence.com\/article\/region\/57456565298002\/notre-serie-fabrique-a-marseille-monochromic-toute-la-provence-en-ceramique\" target=\"_blank\" rel=\"noopener\">c\u00e9ramiques<\/a> tout en courbes, de la vaisselle ou des cendriers. Son objectif\u00a0: la recherche de formes et de textures.<\/p>\n<p><img alt=\"Elle met de l\u2019\u00e9mail sur la terre crue pour limiter les cuissons, co\u00fbteuses et productrices de carbone.\" loading=\"lazy\" decoding=\"async\" data-nimg=\"fill\" class=\" TwicCore_img__i9TC1 undefined  undefined\" style=\"position:absolute;height:100%;width:100%;left:0;top:0;right:0;bottom:0;color:transparent;background-size:cover;background-position:50% 50%;background-repeat:no-repeat;background-image:url(&quot;data:image\/svg+xml;charset=utf-8,%3Csvg xmlns='http:\/\/www.w3.org\/2000\/svg' %3E%3Cfilter id='b' color-interpolation-filters='sRGB'%3E%3CfeGaussianBlur stdDeviation='20'\/%3E%3CfeColorMatrix values='1 0 0 0 0 0 1 0 0 0 0 0 1 0 0 0 0 0 100 -1' result='s'\/%3E%3CfeFlood x='0' y='0' width='100%25' height='100%25'\/%3E%3CfeComposite operator='out' in='s'\/%3E%3CfeComposite in2='SourceGraphic'\/%3E%3CfeGaussianBlur stdDeviation='20'\/%3E%3C\/filter%3E%3Cimage width='100%25' height='100%25' x='0' y='0' preserveAspectRatio='none' style='filter: url(%23b);' href='https:\/\/pictures.laprovence.com\/cdn-cgi\/image\/blur=250\/media\/melody\/2025\/09\/11\/portrait-de-lea-caie-ceramiste-et-labellisee-fabrique-a-marseille-made-in-marseille-180625fpt02-1757578870_af6dbabab2586d37dbabab258b77dbv_.jpg'\/%3E%3C\/svg%3E&quot;)\"   src=\"https:\/\/www.europesays.com\/fr\/wp-content\/uploads\/2025\/09\/portrait-de-lea-caie-ceramiste-et-labellisee-fabrique-a-marseille-made-in-marseille-180625fpt02-1757.jpeg\"\/>Elle met de l\u2019\u00e9mail sur la terre crue pour limiter les cuissons, co\u00fbteuses et productrices de carbone. \/ Photo Franck PENNANT<\/p>\n<p>Toute la sp\u00e9cificit\u00e9 du travail de L\u00e9a Ca\u00efe repose sur l\u2019usage de la chamotte, un m\u00e9lange de grains de terre ou de min\u00e9raux d\u00e9j\u00e0 cuits. \u00ab\u00a0J\u2019aime bien les griffures, le fait que \u00e7a gratte. Je veux d\u00e9mocratiser la c\u00e9ramique pour qu\u2019on comprenne que \u00e7a ne s\u2019adresse pas \u00e0 une \u00e9lite mais \u00e0 tout le monde\u00a0\u00bb, explique-t-elle. Ses pi\u00e8ces, L\u00e9a Ca\u00efe les nomme des \u00ab\u00a0toyos\u00a0\u00bb\u00a0: \u00ab\u00a0Un proche surnommait les cardiologues les &lsquo;toyos&rsquo;, des tuyaux avec l\u2019accent parisien par m\u00e9tonymie des veines. J\u2019ai trouv\u00e9 le nom amusant et je l\u2019ai gard\u00e9 car mes \u0153uvres repr\u00e9sentent aussi des tuyaux associ\u00e9s aux pots pour les plantes.\u00a0\u00bb<\/p>\n<p>La \u00ab\u00a0solastalgie\u00a0\u00bb<\/p>\n<p>En\u00a02020, L\u00e9a Ca\u00efe est membre de Vergers Urbains et participe \u00e0 un projet d\u2019irrigation d\u2019un jardin. \u00ab\u00a0C\u2019\u00e9tait frustrant d\u2019avoir des pi\u00e8ces enterr\u00e9es et purement techniques, j\u2019ai voulu faire des choses plus d\u00e9coratives. Je suis pass\u00e9e de quelque chose d\u2019utilitaire avec le jardin \u00e0 quelque chose de significatif\u00a0\u00bb, se souvient-elle. Alors, elle con\u00e7oit ses premi\u00e8res pi\u00e8ces murales en\u00a02024, apr\u00e8s un CAP de tournage en c\u00e9ramique.<\/p>\n<p><img alt=\"En parall\u00e8le de son activit\u00e9 de c\u00e9ramiste, L\u00e9a Ca\u00efe travaille \u00e0 mi-temps en tant que surveillante dans un coll\u00e8ge.\" loading=\"lazy\" decoding=\"async\" data-nimg=\"fill\" class=\" TwicCore_img__i9TC1 undefined  undefined\" style=\"position:absolute;height:100%;width:100%;left:0;top:0;right:0;bottom:0;color:transparent;background-size:cover;background-position:50% 50%;background-repeat:no-repeat;background-image:url(&quot;data:image\/svg+xml;charset=utf-8,%3Csvg xmlns='http:\/\/www.w3.org\/2000\/svg' %3E%3Cfilter id='b' color-interpolation-filters='sRGB'%3E%3CfeGaussianBlur stdDeviation='20'\/%3E%3CfeColorMatrix values='1 0 0 0 0 0 1 0 0 0 0 0 1 0 0 0 0 0 100 -1' result='s'\/%3E%3CfeFlood x='0' y='0' width='100%25' height='100%25'\/%3E%3CfeComposite operator='out' in='s'\/%3E%3CfeComposite in2='SourceGraphic'\/%3E%3CfeGaussianBlur stdDeviation='20'\/%3E%3C\/filter%3E%3Cimage width='100%25' height='100%25' x='0' y='0' preserveAspectRatio='none' style='filter: url(%23b);' href='https:\/\/pictures.laprovence.com\/cdn-cgi\/image\/blur=250\/media\/melody\/2025\/09\/11\/portrait-de-lea-caie-ceramiste-et-labellisee-fabrique-a-marseille-made-in-marseille-180625fpt02-1757578871_711f04bab2586a51f04bab258791f0v_.jpg'\/%3E%3C\/svg%3E&quot;)\"   src=\"https:\/\/www.europesays.com\/fr\/wp-content\/uploads\/2025\/09\/1757585534_771_portrait-de-lea-caie-ceramiste-et-labellisee-fabrique-a-marseille-made-in-marseille-180625fpt02-1757.jpeg\"\/>En parall\u00e8le de son activit\u00e9 de c\u00e9ramiste, L\u00e9a Ca\u00efe travaille \u00e0 mi-temps en tant que surveillante dans un coll\u00e8ge. \/ Photo Franck PENNANT<\/p>\n<p>C\u2019est \u00e0 ce moment que na\u00eet sa \u00ab\u00a0solastalgie\u00a0\u00bb, n\u00e9ologisme d\u00e9signant une forme de d\u00e9tresse caus\u00e9e par les <a href=\"https:\/\/www.laprovence.com\/article\/ecoplanete\/2874332454871415\/leco-anxiete-nest-pas-une-pathologie-assure-lucie-bonhomme-neuropsychologue-a-lap-hm\" target=\"_blank\" rel=\"noopener\">changements per\u00e7us dans son environnement<\/a> et le fait de ne pas reconna\u00eetre les paysages qui nous entourent, dont elle fait une fiction. \u00ab\u00a0La civilisation future n\u2019aurait pas r\u00e9ussi \u00e0 pr\u00e9server son environnement. Mes \u0153uvres seraient une sorte de sanctuaire pour les plantes\u00a0\u00bb, explique-t-elle. Ses cr\u00e9ations ont \u00e9t\u00e9 le point de d\u00e9part de cette fiction.<\/p>\n<p>\u00ab\u00a0Tout le monde peut interpr\u00e9ter\u00a0\u00bb<\/p>\n<p>L\u00e9a Ca\u00efe passe entre 15 et 70\u00a0heures sur un seul objet. Apr\u00e8s avoir dessin\u00e9 ses \u0153uvres, elle les moule puis les s\u00e8che. Viennent ensuite l\u2019assemblage et le travail de finition. Une fois cuits, ses \u00ab\u00a0toyos\u00a0\u00bb sont pr\u00eats\u00a0: \u00ab\u00a0J\u2019aime que ce soit abstrait car tout le monde peut l\u2019interpr\u00e9ter \u00e0 sa mani\u00e8re.\u00a0\u00bb \u00ab\u00a0Cette sculpture par exemple, je voulais en faire quelque chose de v\u00e9g\u00e9tal et finalement les gens ont pens\u00e9 que c\u2019\u00e9tait quelque chose d\u2019animal\u00a0\u00bb, s\u2019amuse-t-elle.<\/p>\n<p>Ses cr\u00e9ations sont inspir\u00e9es par son quotidien, notamment la mer et la nature que sanctuarise Marseille. \u00ab\u00a0Je suis contente d\u2019\u00eatre <a href=\"https:\/\/www.laprovence.com\/article\/region\/1173366679016114\/fabrique-a-marseille-107-entreprises-bientot-labellisees-pour-leur-savoir-faire-local\" target=\"_blank\" rel=\"noopener\">labellis\u00e9e &lsquo;Fabriqu\u00e9 \u00e0 Marseille&rsquo;<\/a>, je peux faire partie d\u2019un r\u00e9seau d\u2019artisans marseillais\u00a0\u00bb, revendique L\u00e9a Ca\u00efe.<\/p>\n","protected":false},"excerpt":{"rendered":"L\u00e9a Ca\u00efe ouvre les portes de son atelier situ\u00e9 rue du petit chantier, dans le 7e arrondissement de&hellip;\n","protected":false},"author":2,"featured_media":382500,"comment_status":"","ping_status":"","sticky":false,"template":"","format":"standard","meta":{"footnotes":""},"categories":[2814],"tags":[17,1111,11,51550,22545,154,1777,674,22842,1011,27,19727,151,884,12,882,16,25],"class_list":{"0":"post-382499","1":"post","2":"type-post","3":"status-publish","4":"format-standard","5":"has-post-thumbnail","7":"category-marseille","8":"tag-17","9":"tag-actu","10":"tag-actualites","11":"tag-caie","12":"tag-ceramiques","13":"tag-des","14":"tag-eu","15":"tag-europe","16":"tag-fabrique","17":"tag-fr","18":"tag-france","19":"tag-lea","20":"tag-les","21":"tag-marseille","22":"tag-news","23":"tag-provence-alpes-cote-dazur","24":"tag-region","25":"tag-republique-francaise"},"share_on_mastodon":{"url":"https:\/\/pubeurope.com\/@fr\/115185132891256597","error":""},"_links":{"self":[{"href":"https:\/\/www.europesays.com\/fr\/wp-json\/wp\/v2\/posts\/382499","targetHints":{"allow":["GET"]}}],"collection":[{"href":"https:\/\/www.europesays.com\/fr\/wp-json\/wp\/v2\/posts"}],"about":[{"href":"https:\/\/www.europesays.com\/fr\/wp-json\/wp\/v2\/types\/post"}],"author":[{"embeddable":true,"href":"https:\/\/www.europesays.com\/fr\/wp-json\/wp\/v2\/users\/2"}],"replies":[{"embeddable":true,"href":"https:\/\/www.europesays.com\/fr\/wp-json\/wp\/v2\/comments?post=382499"}],"version-history":[{"count":0,"href":"https:\/\/www.europesays.com\/fr\/wp-json\/wp\/v2\/posts\/382499\/revisions"}],"wp:featuredmedia":[{"embeddable":true,"href":"https:\/\/www.europesays.com\/fr\/wp-json\/wp\/v2\/media\/382500"}],"wp:attachment":[{"href":"https:\/\/www.europesays.com\/fr\/wp-json\/wp\/v2\/media?parent=382499"}],"wp:term":[{"taxonomy":"category","embeddable":true,"href":"https:\/\/www.europesays.com\/fr\/wp-json\/wp\/v2\/categories?post=382499"},{"taxonomy":"post_tag","embeddable":true,"href":"https:\/\/www.europesays.com\/fr\/wp-json\/wp\/v2\/tags?post=382499"}],"curies":[{"name":"wp","href":"https:\/\/api.w.org\/{rel}","templated":true}]}}