{"id":382501,"date":"2025-09-11T10:13:12","date_gmt":"2025-09-11T10:13:12","guid":{"rendered":"https:\/\/www.europesays.com\/fr\/382501\/"},"modified":"2025-09-11T10:13:12","modified_gmt":"2025-09-11T10:13:12","slug":"lhormadi-lance-sa-saison-a-marseille","status":"publish","type":"post","link":"https:\/\/www.europesays.com\/fr\/382501\/","title":{"rendered":"l\u2019Hormadi lance sa saison \u00e0 Marseille"},"content":{"rendered":"<p>Le grand jour est arriv\u00e9. L\u2019Hormadi fait son entr\u00e9e en Ligue Magnus ce vendredi soir (20\u00a0h\u00a015) avec un d\u00e9placement p\u00e9rilleux \u00e0 Marseille, sixi\u00e8me la saison derni\u00e8re et \u00e9limin\u00e9 en quart de finale par Bordeaux. Une patinoire bouillante, quoi de mieux afin de se jauger et de confirmer les ambitions affich\u00e9es depuis l\u2019\u00e9t\u00e9. \u00ab\u00a0On y va pour gagner, lance Arnaud Faure, le capitaine de l\u2019Hormadi. On sait que Marseille a beaucoup progress\u00e9 depuis son arriv\u00e9e en Magnus. Leur patinoire sera pleine, mais nous, on veut ramener les trois points.\u00a0\u00bb<\/p>\n<p>L\u2019\u00e9t\u00e9 a \u00e9t\u00e9 studieux avec une pr\u00e9paration physique renforc\u00e9e, des tests et un travail plus cadr\u00e9. Les matchs amicaux face \u00e0 Bordeaux (d\u00e9faites 1-4 et 3-0) puis Brian\u00e7on (victoire 4-2 et d\u00e9faite 2-3) ont donn\u00e9 un premier aper\u00e7u des forces en pr\u00e9sence. \u00ab\u00a0Je trouve que c\u2019est quatre bons matchs, analyse le capitaine basque. Il y a toujours des choses \u00e0 am\u00e9liorer, mais on s\u2019est bien d\u00e9brouill\u00e9s. Tous les nouveaux s\u2019int\u00e8grent super bien. L\u2019essentiel, c\u2019est d\u2019\u00eatre pr\u00eats \u00e0 Marseille\u00a0\u00bb.<\/p>\n<p>\u00ab\u00a0\u00c9quipe qui harc\u00e8le\u00a0\u00bb<\/p>\n<p>Sur le plan du jeu, l\u2019Hormadi affiche une identit\u00e9 claire cette saison. \u00ab\u00a0Il y a pas mal de choses qui ont chang\u00e9 comme sur les sorties de zone, poursuit Arnaud Faure. On veut \u00eatre une \u00e9quipe qui harc\u00e8le, qui soit chiante \u00e0 jouer. C\u2019est important et je pense qu\u2019avec \u00e7a, on pourra avoir du succ\u00e8s.\u00a0\u00bb Le capitaine insiste aussi sur l\u2019\u00e9volution du staff. \u00ab\u00a0St\u00e9phane Barin n\u2019a pas chang\u00e9, mais il a pris en assurance, poursuit-il. L\u2019an dernier, il a eu un petit temps d\u2019adaptation. L\u00e0, il a fait son \u00e9quipe, il est replac\u00e9 au centre de l\u2019\u00e9chiquier\u00a0\u00bb.<\/p>\n<p>Et au-del\u00e0 de ce premier d\u00e9placement, le d\u00e9fenseur affiche les objectifs. \u00ab\u00a0Le maintien, d\u2019abord, conclut Arnaud Faure. Mais le second, c\u2019est d\u2019accrocher les play-off. On est tous comp\u00e9titeurs, on a faim. Les nouveaux ont de l\u2019exp\u00e9rience, certains ont connu les demi-finales de Magnus. On sent une vraie culture d\u2019\u00e9quipe, et il faudra la garder toute l\u2019ann\u00e9e\u00a0\u00bb. \u00c0 l\u2019heure de lancer sa saison, Anglet ne se cache pas. Avec un groupe soud\u00e9 et une identit\u00e9 affirm\u00e9e, l\u2019Hormadi veut bousculer la hi\u00e9rarchie d\u00e8s ce premier choc \u00e0 Marseille.<\/p>\n<p>    Marseille &#8211; Hormadi<br \/>\n<strong>Lieu <\/strong>Palais Omnisports Marseille Grand-Est <strong>Horaire <\/strong>Ce vendredi \u00e0 20\u00a0h\u00a015<br \/>Hormadi<\/p>\n","protected":false},"excerpt":{"rendered":"Le grand jour est arriv\u00e9. L\u2019Hormadi fait son entr\u00e9e en Ligue Magnus ce vendredi soir (20\u00a0h\u00a015) avec un&hellip;\n","protected":false},"author":2,"featured_media":382502,"comment_status":"","ping_status":"","sticky":false,"template":"","format":"standard","meta":{"footnotes":""},"categories":[2814],"tags":[1111,11,1777,674,1011,27,884,12,882,25],"class_list":{"0":"post-382501","1":"post","2":"type-post","3":"status-publish","4":"format-standard","5":"has-post-thumbnail","7":"category-marseille","8":"tag-actu","9":"tag-actualites","10":"tag-eu","11":"tag-europe","12":"tag-fr","13":"tag-france","14":"tag-marseille","15":"tag-news","16":"tag-provence-alpes-cote-dazur","17":"tag-republique-francaise"},"share_on_mastodon":{"url":"https:\/\/pubeurope.com\/@fr\/115185136701823472","error":""},"_links":{"self":[{"href":"https:\/\/www.europesays.com\/fr\/wp-json\/wp\/v2\/posts\/382501","targetHints":{"allow":["GET"]}}],"collection":[{"href":"https:\/\/www.europesays.com\/fr\/wp-json\/wp\/v2\/posts"}],"about":[{"href":"https:\/\/www.europesays.com\/fr\/wp-json\/wp\/v2\/types\/post"}],"author":[{"embeddable":true,"href":"https:\/\/www.europesays.com\/fr\/wp-json\/wp\/v2\/users\/2"}],"replies":[{"embeddable":true,"href":"https:\/\/www.europesays.com\/fr\/wp-json\/wp\/v2\/comments?post=382501"}],"version-history":[{"count":0,"href":"https:\/\/www.europesays.com\/fr\/wp-json\/wp\/v2\/posts\/382501\/revisions"}],"wp:featuredmedia":[{"embeddable":true,"href":"https:\/\/www.europesays.com\/fr\/wp-json\/wp\/v2\/media\/382502"}],"wp:attachment":[{"href":"https:\/\/www.europesays.com\/fr\/wp-json\/wp\/v2\/media?parent=382501"}],"wp:term":[{"taxonomy":"category","embeddable":true,"href":"https:\/\/www.europesays.com\/fr\/wp-json\/wp\/v2\/categories?post=382501"},{"taxonomy":"post_tag","embeddable":true,"href":"https:\/\/www.europesays.com\/fr\/wp-json\/wp\/v2\/tags?post=382501"}],"curies":[{"name":"wp","href":"https:\/\/api.w.org\/{rel}","templated":true}]}}