{"id":382505,"date":"2025-09-11T10:15:23","date_gmt":"2025-09-11T10:15:23","guid":{"rendered":"https:\/\/www.europesays.com\/fr\/382505\/"},"modified":"2025-09-11T10:15:23","modified_gmt":"2025-09-11T10:15:23","slug":"blessee-par-balles-a-deux-pas-de-la-manifestation-la-victime-est-finalement-decedee","status":"publish","type":"post","link":"https:\/\/www.europesays.com\/fr\/382505\/","title":{"rendered":"bless\u00e9e par balles \u00e0 deux pas de la manifestation, la victime est finalement d\u00e9c\u00e9d\u00e9e"},"content":{"rendered":"<p itemprop=\"description\"><strong>Ce mercredi, les forces de l&rsquo;ordre \u00e9taient tr\u00e8s nombreuses pour contenir les manifestations et blocages du 10 septembre.<\/strong><\/p>\n<p><strong>Mise \u00e0 jour le 11 septembre \u00e0 11h30<\/strong> : Touch\u00e9e \u00e0 plusieurs reprises, la victime est finalement d\u00e9c\u00e9d\u00e9e des suites de ses blessures. Le parquet de Lyon \u00e9voque une rixe qui aurait d\u00e9g\u00e9n\u00e9r\u00e9. Le ou les auteurs des tirs mortels sont activement recherch\u00e9s dans le cadre de l&rsquo;enqu\u00eate qui prend donc une nouvelle tournure avec ce d\u00e9c\u00e8s.<\/p>\n<p><strong>Article initial <\/strong>: Malgr\u00e9 ce d\u00e9ploiement, une fusillade a \u00e9clat\u00e9 en ville en fin d&rsquo;apr\u00e8s-midi. Rue Duguesclin, dans le 3e arrondissement, un jeune homme a \u00e9t\u00e9 bless\u00e9 par balles, alors qu&rsquo;un cort\u00e8ge passait non loin de l\u00e0.<\/p>\n<p>Selon la pr\u00e9fecture du Rh\u00f4ne, la victime a \u00e9t\u00e9 prise en charge en urgence absolue apr\u00e8s avoir re\u00e7u 5 balles selon les premiers \u00e9l\u00e9ments de l&rsquo;enqu\u00eate. Il n&rsquo;y aurait pour le moment aucun lien avec la manifestation du 10 septembre.<\/p>\n<p>Le suspect est activement recherch\u00e9. Une enqu\u00eate a \u00e9t\u00e9 ouverte pour \u00e9claircir les circonstances de ce fait divers.<\/p>\n","protected":false},"excerpt":{"rendered":"Ce mercredi, les forces de l&rsquo;ordre \u00e9taient tr\u00e8s nombreuses pour contenir les manifestations et blocages du 10 septembre.&hellip;\n","protected":false},"author":2,"featured_media":381165,"comment_status":"","ping_status":"","sticky":false,"template":"","format":"standard","meta":{"footnotes":""},"categories":[1889],"tags":[1111,11,2813,2190,2430,1109,251,1112,2811,1777,674,118,1011,27,1922,1110,1114,2428,2810,12,241,316,25,2812,517,800],"class_list":{"0":"post-382505","1":"post","2":"type-post","3":"status-publish","4":"format-standard","5":"has-post-thumbnail","7":"category-lyon","8":"tag-actu","9":"tag-actualites","10":"tag-article","11":"tag-asvel","12":"tag-auvergne-rhone-alpes","13":"tag-breves","14":"tag-culture","15":"tag-depeches","16":"tag-economique","17":"tag-eu","18":"tag-europe","19":"tag-faits-divers","20":"tag-fr","21":"tag-france","22":"tag-info","23":"tag-informations","24":"tag-infos","25":"tag-lyon","26":"tag-lyonmag","27":"tag-news","28":"tag-ol","29":"tag-politique","30":"tag-republique-francaise","31":"tag-sociale","32":"tag-sport","33":"tag-transports"},"share_on_mastodon":{"url":"https:\/\/pubeurope.com\/@fr\/115185144560620735","error":""},"_links":{"self":[{"href":"https:\/\/www.europesays.com\/fr\/wp-json\/wp\/v2\/posts\/382505","targetHints":{"allow":["GET"]}}],"collection":[{"href":"https:\/\/www.europesays.com\/fr\/wp-json\/wp\/v2\/posts"}],"about":[{"href":"https:\/\/www.europesays.com\/fr\/wp-json\/wp\/v2\/types\/post"}],"author":[{"embeddable":true,"href":"https:\/\/www.europesays.com\/fr\/wp-json\/wp\/v2\/users\/2"}],"replies":[{"embeddable":true,"href":"https:\/\/www.europesays.com\/fr\/wp-json\/wp\/v2\/comments?post=382505"}],"version-history":[{"count":0,"href":"https:\/\/www.europesays.com\/fr\/wp-json\/wp\/v2\/posts\/382505\/revisions"}],"wp:featuredmedia":[{"embeddable":true,"href":"https:\/\/www.europesays.com\/fr\/wp-json\/wp\/v2\/media\/381165"}],"wp:attachment":[{"href":"https:\/\/www.europesays.com\/fr\/wp-json\/wp\/v2\/media?parent=382505"}],"wp:term":[{"taxonomy":"category","embeddable":true,"href":"https:\/\/www.europesays.com\/fr\/wp-json\/wp\/v2\/categories?post=382505"},{"taxonomy":"post_tag","embeddable":true,"href":"https:\/\/www.europesays.com\/fr\/wp-json\/wp\/v2\/tags?post=382505"}],"curies":[{"name":"wp","href":"https:\/\/api.w.org\/{rel}","templated":true}]}}