{"id":382508,"date":"2025-09-11T10:17:11","date_gmt":"2025-09-11T10:17:11","guid":{"rendered":"https:\/\/www.europesays.com\/fr\/382508\/"},"modified":"2025-09-11T10:17:11","modified_gmt":"2025-09-11T10:17:11","slug":"mouvement-du-10-septembre-un-maire-dans-le-coma-linfo-a-midi-en-ile-de-france","status":"publish","type":"post","link":"https:\/\/www.europesays.com\/fr\/382508\/","title":{"rendered":"Mouvement du 10 septembre, un maire dans le coma&#8230; L&rsquo;info \u00e0 midi en \u00cele-de-France"},"content":{"rendered":"<p>            Par<br \/>\n        <strong><br \/>\n            <a href=\"https:\/\/actu.fr\/auteur\/redaction-paris\" title=\"Consulter tous les articles de R\u00e9daction Paris\" target=\"_blank\" rel=\"noopener\">R\u00e9daction Paris<\/a><br \/>\n        <\/strong><\/p>\n<p>        Publi\u00e9 le<\/p>\n<p>            11 sept. 2025 \u00e0 11h58        <\/p>\n<p>Le mouvement \u00ab\u2009Bloquons tout\u2009\u00bb se poursuit sporadiquement \u00e0 Paris, devant des \u00e9tablissements d\u2019enseignement sup\u00e9rieur notamment. En Essonne, un maire est plong\u00e9 dans le coma apr\u00e8s un accident au golf. Dans les Yvelines, deux nouvelles cr\u00e8ches devraient ouvrir leurs portes d\u2019ici 2030\u2026 Voici l\u2019essentiel des actualit\u00e9s \u00e0 retenir ce jeudi 11\u00a0septembre 2025 en <a href=\"https:\/\/actu.fr\/ile-de-france\/\" target=\"_blank\" rel=\"noopener\">\u00cele-de-France<\/a>.<\/p>\n<p>Les informations \u00e0 retenir ce jeudi 11\u00a0septembre 2025, \u00e0 midi, en \u00cele-de-France<\/p>\n<p class=\"expresso-item wall-content\"><strong>Paris.<\/strong> <a title=\"Lire l&#039;article\" href=\"https:\/\/actu.fr\/ile-de-france\/paris_75056\/bloquons-tout-de-nouvelles-tentatives-de-blocages-a-paris-des-interpellations_63146557.html\" target=\"_blank\" rel=\"noopener\"><strong>\u00ab\u2009Bloquons tout\u2009\u00bb\u2009: de nouvelles tentatives de blocages, des interpellations<\/strong><\/a><br \/>Dans la nuit de mercredi\u00a010 \u00e0 jeudi 11\u00a0septembre 2025 jusqu\u2019en d\u00e9but de matin\u00e9e, quelques escarmouches se sont poursuivies entre policiers et manifestants \u00e0 Paris. Des \u00e9tudiants ont tent\u00e9 de bloquer les entr\u00e9es de Sciences Po Paris et du Campus des Grands Moulins de l\u2019universit\u00e9 Paris-Cit\u00e9.<\/p>\n<p class=\" wall-content\"><strong>Essonne.\u00a0<\/strong><a title=\"Lire l&#039;article\" href=\"https:\/\/actu.fr\/ile-de-france\/linas_91339\/un-maire-de-l-essonne-hospitalise-dans-un-etat-grave-apres-un-accident-au-golf_63146831.html\" target=\"_blank\" rel=\"noopener\"><strong>Un maire hospitalis\u00e9 dans un \u00e9tat grave apr\u00e8s un accident au golf<\/strong><\/a><br \/>Le maire de Linas, Christian Lardi\u00e8re (LR), est hospitalis\u00e9 dans un \u00e9tat grave depuis le jeudi 4\u00a0septembre 2025 \u00e0 la suite d\u2019un accident survenu au golf. Il est actuellement plong\u00e9 dans le coma.<\/p>\n<p class=\" wall-content\"><strong>Seine-et-Marne.<\/strong>\u00a0<a title=\"Lire l&#039;article\" href=\"https:\/\/actu.fr\/ile-de-france\/collegien_77121\/trois-poles-sante-cette-agglomeration-met-un-coup-daccelerateur-pour-attirer-des-medecins_63144687.html\" target=\"_blank\" rel=\"noopener\"><strong>Trois p\u00f4les sant\u00e9\u2009: cette agglom\u00e9ration met un coup d\u2019acc\u00e9l\u00e9rateur pour attirer des m\u00e9decins<\/strong><\/a><br \/>Alors que certaines villes voient partir le dernier g\u00e9n\u00e9raliste, cette agglo de Seine-et-Marne met un coup d\u2019acc\u00e9l\u00e9rateur sur la cr\u00e9ation de p\u00f4les sant\u00e9. Mais est-ce suffisant\u2009?<\/p>\n<p class=\" wall-content\"><strong>Val-d\u2019Oise.<\/strong>\u00a0<a title=\"Lire l&#039;article\" href=\"https:\/\/actu.fr\/ile-de-france\/cergy_95127\/frequence-du-rer-a-cergy-pontoise-loin-derriere-saint-germain-en-laye_63143169.html\" target=\"_blank\" rel=\"noopener\"><strong>Fr\u00e9quence du Rer A\u2009: Cergy-Pontoise loin derri\u00e8re Saint-Germain-en-Laye\u2026<\/strong><\/a><br \/>Aux heures de pointe de la semaine, la branche Saint-Germain-en-Laye affiche 13 rames par heure contre 5 rames par heure pour la branche Cergy.<\/p>\n<p class=\" wall-content\"><strong>Yvelines.<\/strong> <a title=\"Lire l&#039;article\" href=\"https:\/\/actu.fr\/ile-de-france\/trappes_78621\/on-a-pris-un-vrai-retard-cette-commune-des-yvelines-a-un-besoin-urgent-de-nouvelles-creches_63144297.html\" target=\"_blank\" rel=\"noopener\"><strong>\u00ab\u2009On a pris un vrai retard\u2009\u00bb\u2009: cette commune a un besoin urgent de nouvelles cr\u00e8ches<\/strong><\/a><br \/>En retard en mati\u00e8re d\u2019accueil des tout-petits, Trappes (Yvelines) disposera de deux nouvelles cr\u00e8ches de 60 berceaux \u00e0 horizon 2030. Tout ce qu\u2019il faut savoir sur ces projets.<\/p>\n<p>Suivez-nous pour en savoir plus\u2009!<\/p>\n<p class=\" wall-content wall-content wall-content wall-content\">Vous voulez plus d\u2019infos sur l\u2019\u00cele-de-France\u2009? Vous pouvez nous retrouver sur actu \u00cele-de-France. Pour nous suivre sur les r\u00e9seaux sociaux, dans vos d\u00e9partements\u2009:<\/p>\n<p class=\" wall-content wall-content wall-content wall-content\"><strong>Paris<\/strong>\u2009: retrouvez\u00a0actu\u00a0Paris\u00a0sur\u00a0<a href=\"https:\/\/www.facebook.com\/actufr.paris\/\" target=\"_blank\" rel=\"noopener\">Facebook<\/a>\u00a0et\u00a0<a href=\"https:\/\/twitter.com\/actufrparis\" target=\"_blank\" rel=\"noopener\">Twitter<\/a>\u2009;<br \/><strong>Seine-et-Marne<\/strong>\u2009: retrouvez\u00a0La R\u00e9publique de Seine-et-Marne (sud) sur\u00a0<a href=\"https:\/\/www.facebook.com\/RepubliqueSeineMarne\/\" target=\"_blank\" rel=\"noopener\">Facebook<\/a>\u00a0et\u00a0<a href=\"https:\/\/twitter.com\/LaRep77\" target=\"_blank\" rel=\"noopener\">Twitter<\/a>\u2009; La Marne (nord) sur\u00a0<a href=\"https:\/\/www.facebook.com\/journallarmarne\/?__tn__=%2Cd%2CP-R&amp;eid=ARDLZc91LaHbXzDwChLLLQJVMBLx_ABJremTC2-RG0CYvg0f4f8CLvbV5G1Lli4g_6QoXDcKkU1_LX1W\" target=\"_blank\" rel=\"noopener\">Facebook<\/a>\u00a0et\u00a0<a href=\"https:\/\/twitter.com\/JournalLaMarne\" target=\"_blank\" rel=\"noopener\">Twitter<\/a>\u2009; et\u00a0Le Pays Briard\u00a0sur\u00a0<a href=\"https:\/\/www.facebook.com\/LePaysBriard\/?ref=bookmarks\" target=\"_blank\" rel=\"noopener\">Facebook<\/a>\u00a0et\u00a0<a href=\"https:\/\/twitter.com\/LePaysBriard\" target=\"_blank\" rel=\"noopener\">Twitter<\/a>\u2009;<br \/><strong>Yvelines\u2009:<\/strong> retrouvez\u00a078actu\u00a0sur\u00a0<a href=\"https:\/\/www.facebook.com\/78actu\/\" target=\"_blank\" rel=\"noopener\">Facebook<\/a>\u00a0et\u00a0<a href=\"https:\/\/x.com\/78actu\">Twitter<\/a>\u2009;<br \/><strong>Essonne\u2009:<\/strong> retrouvez\u00a0actu Essonne\u00a0sur\u00a0<a href=\"https:\/\/www.facebook.com\/actuessonne\/?ref=br_rs\" target=\"_blank\" rel=\"noopener\">Facebook<\/a>\u00a0et\u00a0<a href=\"https:\/\/twitter.com\/ActuEssonne\" target=\"_blank\" rel=\"noopener\">Twitter<\/a>\u2009;<br \/><strong>Hauts-de-Seine\u2009:<\/strong> retrouvez\u00a0actu\u00a0Hauts-de-Seine\u00a0sur\u00a0<a href=\"https:\/\/www.facebook.com\/actufr.hautsdeseine\/\" target=\"_blank\" rel=\"noopener\">Facebook<\/a>\u00a0et\u00a0<a href=\"https:\/\/twitter.com\/actufr92\" target=\"_blank\" rel=\"noopener\">Twitter<\/a>\u2009;<br \/><strong>Seine-Saint-Denis\u2009:<\/strong> retrouvez actu Seine-Saint-Denis sur\u00a0<a href=\"https:\/\/www.facebook.com\/actufr.seinesaintdenis\/\" target=\"_blank\" rel=\"noopener\">Facebook<\/a>\u00a0et\u00a0<a href=\"https:\/\/x.com\/Actufr93\">Twitter<\/a>\u2009;<br \/><strong>Val-de-Marne\u2009: <\/strong>retrouvez actu Val-de-Marne sur\u00a0<a href=\"https:\/\/www.facebook.com\/actu94.valdemarne\/\" target=\"_blank\" rel=\"noopener\">Facebook<\/a>\u00a0et\u00a0<a href=\"https:\/\/x.com\/actufr94\">Twitter<\/a>\u2009;<br \/><strong>Val-d\u2019Oise\u2009: <\/strong>retrouvez La Gazette du Val-d\u2019Oise sur\u00a0<a href=\"https:\/\/x.com\/actufr94\">Twitter<\/a><\/p>\n<p class=\" wall-content\">Personnalisez votre actualit\u00e9 en ajoutant vos villes et m\u00e9dias en favori avec <a href=\"https:\/\/moncompte.actu.fr\" title=\"D\u00e9couvez Mon Actu\" rel=\"nofollow noopener\" data-trk=\"{&quot;cta&quot;:{&quot;action&quot;:&quot;https:\\\/\\\/moncompte.actu.fr&quot;,&quot;category&quot;:&quot;mon compte&quot;,&quot;from&quot;:&quot;article footer&quot;,&quot;name&quot;:&quot;Mon actu&quot;,&quot;type&quot;:&quot;cta&quot;}}\" target=\"_blank\">Mon Actu<\/a>.<\/p>\n<p>                    <script async src=\"https:\/\/platform.twitter.com\/widgets.js\" charset=\"utf-8\"><\/script><\/p>\n","protected":false},"excerpt":{"rendered":"Par R\u00e9daction Paris Publi\u00e9 le 11 sept. 2025 \u00e0 11h58 Le mouvement \u00ab\u2009Bloquons tout\u2009\u00bb se poursuit sporadiquement \u00e0&hellip;\n","protected":false},"author":2,"featured_media":382509,"comment_status":"","ping_status":"","sticky":false,"template":"","format":"standard","meta":{"footnotes":""},"categories":[1592],"tags":[1111,11,1777,674,1011,27,662,50957,12,626,10585,25,104,2803],"class_list":{"0":"post-382508","1":"post","2":"type-post","3":"status-publish","4":"format-standard","5":"has-post-thumbnail","7":"category-ile-de-france","8":"tag-actu","9":"tag-actualites","10":"tag-eu","11":"tag-europe","12":"tag-fr","13":"tag-france","14":"tag-ile-de-france","15":"tag-mouvement-du-10-septembre","16":"tag-news","17":"tag-paris","18":"tag-petite-enfance","19":"tag-republique-francaise","20":"tag-societe","21":"tag-transport"},"share_on_mastodon":{"url":"https:\/\/pubeurope.com\/@fr\/115185152428588574","error":""},"_links":{"self":[{"href":"https:\/\/www.europesays.com\/fr\/wp-json\/wp\/v2\/posts\/382508","targetHints":{"allow":["GET"]}}],"collection":[{"href":"https:\/\/www.europesays.com\/fr\/wp-json\/wp\/v2\/posts"}],"about":[{"href":"https:\/\/www.europesays.com\/fr\/wp-json\/wp\/v2\/types\/post"}],"author":[{"embeddable":true,"href":"https:\/\/www.europesays.com\/fr\/wp-json\/wp\/v2\/users\/2"}],"replies":[{"embeddable":true,"href":"https:\/\/www.europesays.com\/fr\/wp-json\/wp\/v2\/comments?post=382508"}],"version-history":[{"count":0,"href":"https:\/\/www.europesays.com\/fr\/wp-json\/wp\/v2\/posts\/382508\/revisions"}],"wp:featuredmedia":[{"embeddable":true,"href":"https:\/\/www.europesays.com\/fr\/wp-json\/wp\/v2\/media\/382509"}],"wp:attachment":[{"href":"https:\/\/www.europesays.com\/fr\/wp-json\/wp\/v2\/media?parent=382508"}],"wp:term":[{"taxonomy":"category","embeddable":true,"href":"https:\/\/www.europesays.com\/fr\/wp-json\/wp\/v2\/categories?post=382508"},{"taxonomy":"post_tag","embeddable":true,"href":"https:\/\/www.europesays.com\/fr\/wp-json\/wp\/v2\/tags?post=382508"}],"curies":[{"name":"wp","href":"https:\/\/api.w.org\/{rel}","templated":true}]}}