{"id":38251,"date":"2025-04-20T06:51:12","date_gmt":"2025-04-20T06:51:12","guid":{"rendered":"https:\/\/www.europesays.com\/fr\/38251\/"},"modified":"2025-04-20T06:51:12","modified_gmt":"2025-04-20T06:51:12","slug":"la-chasse-aux-oeuvres-a-quoi-correspond-cette-image-prise-a-nancy-5","status":"publish","type":"post","link":"https:\/\/www.europesays.com\/fr\/38251\/","title":{"rendered":"La chasse aux \u0153uvres. \u00c0 quoi correspond cette image prise \u00e0 Nancy ?"},"content":{"rendered":"<p>  A quoi correspond cette image prise \u00e0 Nancy\u00a0?<\/p>\n<p><strong>Un indice\u00a0:<\/strong> une traboule \u00e0 Nancy\u00a0?<\/p>\n<p>Retrouvez la r\u00e9ponse sur notre site d\u00e8s demain matin, 7 h, et d\u00e9couvrez une nouvelle photo \u00e0 d\u00e9crypter.<\/p>\n<p>\n  R\u00e9ponse du vendredi 18 avril\n<\/p>\n<p>Il s\u2019agit d\u2019un des m\u00e9daillons sculpt\u00e9s, visibles sur la fa\u00e7ade de la mairie de Nancy, c\u00f4t\u00e9 rue du Pr\u00e9fet-Claude-Erignac.<\/p>\n<p>C\u2019est dans les ann\u00e9es 30 qu\u2019est n\u00e9 un projet d\u2019extension de l\u2019h\u00f4tel de ville &#8211; la premi\u00e8re avait eu lieu entre 1861 et 1862 &#8211; avec un second corps de b\u00e2timent, dans les immeubles que la municipalit\u00e9 vient d\u2019acqu\u00e9rir sur la rue Pierre-Fourier.<\/p>\n<p>Les travaux d\u00e9butent en 1937 et ne s\u2019ach\u00e8veront qu\u2019en 1956, interrompus par la Seconde Guerre mondiale.<\/p>\n<p>Les fa\u00e7ades ont \u00e9t\u00e9 r\u00e9alis\u00e9es par Roger Mienville et Robert Parisot. Les deux architectes ont d\u00e9cid\u00e9 de les orner de m\u00e9daillons sculpt\u00e9s historiques et symboliques .<\/p>\n<p>Autour de la porte situ\u00e9e rue des Dominicains, <a href=\"https:\/\/www.estrepublicain.fr\/edition-nancy-et-agglomeration\/2020\/04\/04\/savez-vous-combien-la-ville-de-nancy-comptait-de-portes-historiques\" target=\"_blank\" rel=\"nofollow noopener\">les m\u00e9daillons repr\u00e9sentent les huit portes historiques de Nancy.<\/a><\/p>\n<p>Sur la fa\u00e7ade rue Pierre-Fourier, plusieurs bas-reliefs repr\u00e9sentant les grandes figures de l&rsquo;histoire de la ville (Stanislas et Charles III), ainsi que les armoiries du duch\u00e9 de Lorraine et enfin autour de la porte rue du pr\u00e9fet Claude-Erignac,\u00a0six m\u00e9daillons sur des th\u00e8mes antiques.<\/p>\n","protected":false},"excerpt":{"rendered":"A quoi correspond cette image prise \u00e0 Nancy\u00a0? Un indice\u00a0: une traboule \u00e0 Nancy\u00a0? Retrouvez la r\u00e9ponse sur&hellip;\n","protected":false},"author":2,"featured_media":38252,"comment_status":"","ping_status":"","sticky":false,"template":"","format":"standard","meta":{"footnotes":""},"categories":[9635],"tags":[1111,11,1707,1704,1706,1705,1777,674,1011,27,775,937,1702,12,2661,25,104],"class_list":{"0":"post-38251","1":"post","2":"type-post","3":"status-publish","4":"format-standard","5":"has-post-thumbnail","7":"category-nancy","8":"tag-actu","9":"tag-actualites","10":"tag-edition-luneville","11":"tag-edition-nancy-et-agglomeration","12":"tag-edition-pont-a-mousson","13":"tag-edition-toul","14":"tag-eu","15":"tag-europe","16":"tag-fr","17":"tag-france","18":"tag-grand-est","19":"tag-histoire","20":"tag-nancy","21":"tag-news","22":"tag-patrimoine-culturel","23":"tag-republique-francaise","24":"tag-societe"},"share_on_mastodon":{"url":"https:\/\/pubeurope.com\/@fr\/114368969793457617","error":""},"_links":{"self":[{"href":"https:\/\/www.europesays.com\/fr\/wp-json\/wp\/v2\/posts\/38251","targetHints":{"allow":["GET"]}}],"collection":[{"href":"https:\/\/www.europesays.com\/fr\/wp-json\/wp\/v2\/posts"}],"about":[{"href":"https:\/\/www.europesays.com\/fr\/wp-json\/wp\/v2\/types\/post"}],"author":[{"embeddable":true,"href":"https:\/\/www.europesays.com\/fr\/wp-json\/wp\/v2\/users\/2"}],"replies":[{"embeddable":true,"href":"https:\/\/www.europesays.com\/fr\/wp-json\/wp\/v2\/comments?post=38251"}],"version-history":[{"count":0,"href":"https:\/\/www.europesays.com\/fr\/wp-json\/wp\/v2\/posts\/38251\/revisions"}],"wp:featuredmedia":[{"embeddable":true,"href":"https:\/\/www.europesays.com\/fr\/wp-json\/wp\/v2\/media\/38252"}],"wp:attachment":[{"href":"https:\/\/www.europesays.com\/fr\/wp-json\/wp\/v2\/media?parent=38251"}],"wp:term":[{"taxonomy":"category","embeddable":true,"href":"https:\/\/www.europesays.com\/fr\/wp-json\/wp\/v2\/categories?post=38251"},{"taxonomy":"post_tag","embeddable":true,"href":"https:\/\/www.europesays.com\/fr\/wp-json\/wp\/v2\/tags?post=38251"}],"curies":[{"name":"wp","href":"https:\/\/api.w.org\/{rel}","templated":true}]}}