{"id":382510,"date":"2025-09-11T10:18:14","date_gmt":"2025-09-11T10:18:14","guid":{"rendered":"https:\/\/www.europesays.com\/fr\/382510\/"},"modified":"2025-09-11T10:18:14","modified_gmt":"2025-09-11T10:18:14","slug":"bloquons-tout-a-paris-la-piste-de-lincendie-provoque-par-la-police-au-restaurant-de-chatelet-se-precise","status":"publish","type":"post","link":"https:\/\/www.europesays.com\/fr\/382510\/","title":{"rendered":"\u00ab\u00a0Bloquons tout\u00a0\u00bb \u00e0 Paris\u00a0: la piste de l\u2019incendie provoqu\u00e9 par la police au restaurant de Ch\u00e2telet se pr\u00e9cise"},"content":{"rendered":"<p class=\"paragraph text_align_left lp-f-body-02\">Aux alentours de 16 heures, ce mercredi 10 septembre, alors que le mouvement \u00ab Bloquons tout \u00bb bat son plein dans la capitale, un <a href=\"https:\/\/www.leparisien.fr\/faits-divers\/mouvement-bloquons-tout-un-immeuble-en-feu-dans-le-centre-de-paris-10-09-2025-APG2FCFIAREXPMZ4AQ4RD62TWE.php\" target=\"_blank\" rel=\"noreferrer nofollow noopener\">incendie ravage un restaurant cor\u00e9en<\/a> situ\u00e9 rue Saint-Denis, dans le quartier des Halles (Ier), avant de se propager \u00e0 la fa\u00e7ade de l\u2019immeuble situ\u00e9 juste au-dessus. Selon les premiers \u00e9l\u00e9ments de l\u2019enqu\u00eate confi\u00e9e \u00e0 la S\u00fbret\u00e9 Territoriale, d\u00e9voil\u00e9s par le parquet de Paris ce jeudi, une grenade lacrymog\u00e8ne lanc\u00e9e par les forces de l\u2019ordre pour disperser des manifestants serait bel et bien la cause du d\u00e9part de feu.<\/p>\n<p class=\"paragraph text_align_left lp-f-body-02\">L\u2019engin \u00ab aurait atterri sur la v\u00e9randa du restaurant, explos\u00e9 et enflamm\u00e9 un morceau de toile. Les flammes se seraient ensuite rapidement propag\u00e9es \u00e0 l\u2019int\u00e9rieur de l\u2019\u00e9tablissement et sur la fa\u00e7ade d\u2019un immeuble adjacent qui \u00e9tait recouverte de v\u00e9g\u00e9tation artificielle \u00bb, indique le parquet.<\/p>\n<p class=\"title-embed-dailymotion lp-color-text lp-f-subtitle-04\">Vid\u00e9oParis : l&rsquo;incendie accidentellement caus\u00e9 par la police ?<\/p>\n<p class=\"paragraph text_align_left lp-f-body-02\">\u00ab En l\u2019\u00e9tat de nos informations, il pourrait s\u2019agir d\u2019un d\u00e9part de feu involontaire li\u00e9 \u00e0 l\u2019intervention des forces de l\u2019ordre pour faire face \u00e0 des regroupements denses et particuli\u00e8rement hostiles dans le secteur des Halles \u00bb, avait d\u00e9j\u00e0 indiqu\u00e9 la procureure de Paris Laure Beccuau lors d\u2019un point presse mercredi en fin de journ\u00e9e. Une enqu\u00eate pour \u00ab d\u00e9gradation par incendie \u00bb a \u00e9t\u00e9 imm\u00e9diatement ouverte \u00ab afin de v\u00e9rifier dans quelles circonstances le feu a pris \u00bb.<\/p>\n<p>Un quartier sous tension<\/p>\n<p class=\"paragraph text_align_left lp-f-body-02\">L\u2019intervention rapide des sapeurs-pompiers de Paris a permis de ma\u00eetriser l\u2019incendie vers 16h20. Par chance, aucun bless\u00e9 n\u2019est \u00e0 d\u00e9plorer. Le laboratoire d\u2019expertise incendie a \u00e9t\u00e9 d\u00e9p\u00each\u00e9 sur place pour proc\u00e9der aux constatations techniques n\u00e9cessaires.<\/p>\n<p class=\"paragraph text_align_left lp-f-body-02\">Ce jeudi matin, le pr\u00e9fet de police a tenu \u00e0 contextualiser les conditions d\u2019intervention de ses hommes. Dans une interview, il a rappel\u00e9 que les policiers intervenaient pour \u00ab riposter \u00bb et \u00ab repousser des individus cagoul\u00e9s qui projetaient des pierres, des pav\u00e9s sur les forces de l\u2019ordre \u00bb. Une justification qui fait \u00e9cho aux nombreuses tensions observ\u00e9es dans la capitale lors de cette journ\u00e9e de mobilisation nationale.<\/p>\n<p class=\"paragraph text_align_left lp-f-body-02\">Au moment exact o\u00f9 le feu s\u2019est d\u00e9clar\u00e9, vers 16 heures, <a href=\"https:\/\/www.leparisien.fr\/economie\/direct-mouvement-bloquons-tout-du-10-septembre-perturbations-et-blocages-attendus-partout-en-france-10-09-2025-DZLWQDEKWNBBTOUKDSTZFULHB4.php\" target=\"_blank\" rel=\"noreferrer nofollow noopener\">la situation \u00e9tait d\u00e9j\u00e0 explosive<\/a> dans tout le quartier de S\u00e9bastopol. Les policiers ont charg\u00e9 et us\u00e9 massivement de gaz lacrymog\u00e8ne pour faire reculer les manifestants et les emp\u00eacher d\u2019acc\u00e9der aux Halles. Des poubelles ont \u00e9t\u00e9 br\u00fbl\u00e9es et des barricades ont \u00e9t\u00e9 \u00e9difi\u00e9es. Rue Berger, \u00e0 proximit\u00e9, nous observions des \u00e9chauffour\u00e9es et matraquages. Le quartier de Ch\u00e2telet \u00e9tait alors compl\u00e8tement boucl\u00e9.<\/p>\n<p class=\"paragraph text_align_left lp-f-body-02\">Une heure avant, \u00e0 15 heures, la pr\u00e9fecture de police de Paris avait \u00e9galement demand\u00e9 la fermeture compl\u00e8te du <a href=\"https:\/\/www.leparisien.fr\/paris-75\/paris-panne-generale-delectricite-a-chatelet-les-halles-le-centre-commercial-brievement-evacue-05-09-2025-LWROQYX5YRDBVLUJAZJEMQTU7Q.php\" target=\"_blank\" rel=\"noreferrer nofollow noopener\">centre commercial Westfield de Ch\u00e2telet les Halles<\/a>. Une consigne qui valait tant pour les boutiques int\u00e9rieures qu\u2019ext\u00e9rieures. Cette d\u00e9cision drastique faisait suite \u00e0 des appels aux pillages sur les r\u00e9seaux sociaux.<\/p>\n<p class=\"paragraph text_align_left lp-f-body-02\">Le mouvement \u00ab Bloquons tout \u00bb, n\u00e9 sur les r\u00e9seaux sociaux \u00e0 l\u2019\u00e9t\u00e9 2025, appelait \u00e0 une gr\u00e8ve g\u00e9n\u00e9rale et \u00e0 un blocage du pays ce 10 septembre pour protester contre les mesures d\u2019aust\u00e9rit\u00e9 du gouvernement de Fran\u00e7ois Bayrou. \u00c0 Paris comme dans plusieurs grandes villes, la journ\u00e9e a \u00e9t\u00e9 marqu\u00e9e par des heurts entre manifestants et forces de l\u2019ordre. Selon le minist\u00e8re de l\u2019Int\u00e9rieur, 175 000 personnes ont particip\u00e9 aux manifestations \u00e0 travers le pays, dont plusieurs milliers \u00e0 Paris. La CGT a, de son c\u00f4t\u00e9, estim\u00e9 la mobilisation \u00e0 250 000 participants.<\/p>\n","protected":false},"excerpt":{"rendered":"Aux alentours de 16 heures, ce mercredi 10 septembre, alors que le mouvement \u00ab Bloquons tout \u00bb bat&hellip;\n","protected":false},"author":2,"featured_media":382511,"comment_status":"","ping_status":"","sticky":false,"template":"","format":"standard","meta":{"footnotes":""},"categories":[1888],"tags":[1111,1928,11,1927,1777,674,118,1011,27,1944,12,1926,626,1925,25],"class_list":{"0":"post-382510","1":"post","2":"type-post","3":"status-publish","4":"format-standard","5":"has-post-thumbnail","7":"category-paris","8":"tag-actu","9":"tag-actu-paris","10":"tag-actualites","11":"tag-actualites-paris","12":"tag-eu","13":"tag-europe","14":"tag-faits-divers","15":"tag-fr","16":"tag-france","17":"tag-ma-ville","18":"tag-news","19":"tag-news-paris","20":"tag-paris","21":"tag-paris-news","22":"tag-republique-francaise"},"share_on_mastodon":{"url":"https:\/\/pubeurope.com\/@fr\/115185156368216579","error":""},"_links":{"self":[{"href":"https:\/\/www.europesays.com\/fr\/wp-json\/wp\/v2\/posts\/382510","targetHints":{"allow":["GET"]}}],"collection":[{"href":"https:\/\/www.europesays.com\/fr\/wp-json\/wp\/v2\/posts"}],"about":[{"href":"https:\/\/www.europesays.com\/fr\/wp-json\/wp\/v2\/types\/post"}],"author":[{"embeddable":true,"href":"https:\/\/www.europesays.com\/fr\/wp-json\/wp\/v2\/users\/2"}],"replies":[{"embeddable":true,"href":"https:\/\/www.europesays.com\/fr\/wp-json\/wp\/v2\/comments?post=382510"}],"version-history":[{"count":0,"href":"https:\/\/www.europesays.com\/fr\/wp-json\/wp\/v2\/posts\/382510\/revisions"}],"wp:featuredmedia":[{"embeddable":true,"href":"https:\/\/www.europesays.com\/fr\/wp-json\/wp\/v2\/media\/382511"}],"wp:attachment":[{"href":"https:\/\/www.europesays.com\/fr\/wp-json\/wp\/v2\/media?parent=382510"}],"wp:term":[{"taxonomy":"category","embeddable":true,"href":"https:\/\/www.europesays.com\/fr\/wp-json\/wp\/v2\/categories?post=382510"},{"taxonomy":"post_tag","embeddable":true,"href":"https:\/\/www.europesays.com\/fr\/wp-json\/wp\/v2\/tags?post=382510"}],"curies":[{"name":"wp","href":"https:\/\/api.w.org\/{rel}","templated":true}]}}