{"id":382512,"date":"2025-09-11T10:19:13","date_gmt":"2025-09-11T10:19:13","guid":{"rendered":"https:\/\/www.europesays.com\/fr\/382512\/"},"modified":"2025-09-11T10:19:13","modified_gmt":"2025-09-11T10:19:13","slug":"trenitalia-ouvre-ses-ventes-pour-lhiver-et-renforce-laxe-paris-lyon","status":"publish","type":"post","link":"https:\/\/www.europesays.com\/fr\/382512\/","title":{"rendered":"Trenitalia : ouvre ses ventes pour l\u2019hiver et renforce l\u2019axe Paris &#8211; Lyon"},"content":{"rendered":"<p>Trenitalia ouvrira le 15 septembre prochain les ventes jusqu\u2019\u00e0 mi-mars pour la saison hivernale sur ses trois lignes <b>Paris\u2013Lyon, Paris\u2013Marseille et Paris\u2013Milan<\/b>, couvrant ainsi les six mois glissants et marquant un tournant d\u00e9cisif dans son d\u00e9veloppement en France. \u00c0 partir du 14 d\u00e9cembre 2025, la compagnie franchit ainsi une nouvelle \u00e9tape strat\u00e9gique en renfor\u00e7ant fortement son offre sur l\u2019axe Paris\u2013Lyon, avec 5 allers-retours suppl\u00e9mentaires, portant \u00e0 14 le nombre total d\u2019allers-retours quotidiens en semaine.<\/p>\n<p><img fetchpriority=\"high\" decoding=\"async\" class=\"size-medium wp-image-76467\" src=\"https:\/\/www.europesays.com\/fr\/wp-content\/uploads\/2025\/09\/Lyon_vue_panoramique-300x259.jpg\" alt=\"\" width=\"300\" height=\"259\"  \/>Lyon_vue_panoramique<br \/>\nParis-Lyon : 14 allers-retours quotidiens d\u00e8s mi-d\u00e9cembre<\/p>\n<p>Apr\u00e8s un premier renforcement en juin dernier, <a href=\"https:\/\/www.trenitalia.com\/trenitalia-france.html\" target=\"_blank\" rel=\"noopener\">Trenitalia<\/a> propose actuellement 9 allers-retours quotidiens entre Paris et Lyon, faisant de cet axe un pilier de son r\u00e9seau en France. Cette dynamique ne s\u2019arr\u00eate pas l\u00e0 : \u00e0 partir du 14 d\u00e9cembre 2025, cinq nouveaux allers-retours quotidiens viendront encore enrichir l\u2019offre entre <b>Paris et Lyon, portant l\u2019offre \u00e0 14 allers-retours quotidiens<\/b>, soit 28 trains durant la semaine.<\/p>\n<p>Ainsi, plus d\u2019un tiers de l\u2019offre sera assur\u00e9e par Trenitalia entre les deux m\u00e9tropoles, illustrant le virage pris par la compagnie vers une pr\u00e9sence forte et durable sur cet axe strat\u00e9gique. Ces fr\u00e9quences suppl\u00e9mentaires visent \u00e0 r\u00e9pondre \u00e0 une demande toujours croissante des voyageurs, qu\u2019ils soient professionnels ou de loisirs, et confirment l\u2019engagement de Trenitalia \u00e0 proposer une mobilit\u00e9 accessible et durable. Les billets entre Paris et Lyon sont disponibles \u00e0 partir de 23 \u20ac*.<\/p>\n<p><img loading=\"lazy\" decoding=\"async\" class=\"size-medium wp-image-76466\" src=\"https:\/\/www.europesays.com\/fr\/wp-content\/uploads\/2025\/09\/Milan_Duomo_2-300x259.jpg\" alt=\"\" width=\"300\" height=\"259\"  \/>Milan_Duomo<br \/>\nParis-Milan : une liaison transalpine facilit\u00e9e<\/p>\n<p>Depuis le 1er avril, les voyageurs peuvent de nouveau rejoindre l\u2019Italie gr\u00e2ce aux deux allers-retours quotidiens entre Paris et Milan, avec des d\u00e9parts matin et apr\u00e8s-midi. Les trains Frecciarossa desservent les gares de Lyon Part-Dieu, Chamb\u00e9ry, Saint-Jean-de-Maurienne, Modane, Turin et d\u00e9sormais Oulx, station alpine embl\u00e9matique et porte d\u2019entr\u00e9e vers les domaines skiables italiens.<\/p>\n<p>Cette desserte alpine renforc\u00e9e permet aux vacanciers de rejoindre les montagnes en toute simplicit\u00e9, sans embouteillages ni stress, pour profiter pleinement des sports d\u2019hiver ou des paysages enneig\u00e9s des Alpes franco-italiennes. Chamb\u00e9ry, Modane ou encore Oulx deviennent ainsi des escales id\u00e9ales pour une escapade \u00e0 la neige ou un s\u00e9jour en station. Les billets entre Paris et Milan sont disponibles \u00e0 partir de 35 \u20ac*.<\/p>\n<p>Paris-Marseille : cap sur le Sud<\/p>\n<p>Depuis le 15 juin dernier, Trenitalia relie Paris \u00e0 Marseille avec 4 allers-retours quotidiens, desservant Lyon Saint-Exup\u00e9ry, Avignon TGV et Aix-en-Provence TGV. Si cette liaison a conquis les voyageurs estivaux, elle s\u2019impose aussi comme une option parfaite en hiver, que ce soit pour une escapade ensoleill\u00e9e, une visite culturelle ou un d\u00e9placement professionnel.<\/p>\n<p>En effet, pour les voyageurs d\u2019affaires, cette liaison rapide et confortable entre deux grands p\u00f4les \u00e9conomiques, Paris et la m\u00e9tropole Aix-Marseille, offre une alternative accessible et efficace. Les billets entre Paris et Marseille sont disponibles \u00e0 partir de 27 \u20ac*.<\/p>\n<p>Les billets et les horaires pour ces lignes seront disponibles d\u00e8s le 15 septembre \u00e0 8h sur le site trenitalia.com, via l\u2019application Trenitalia France, dans les billetteries physiques ainsi que dans les bornes en libre-service.<\/p>\n<p>*Tarif en classe Standard, \u00e9volutif en fonction des places disponibles.<\/p>\n<p>\u00a0<\/p>\n","protected":false},"excerpt":{"rendered":"Trenitalia ouvrira le 15 septembre prochain les ventes jusqu\u2019\u00e0 mi-mars pour la saison hivernale sur ses trois lignes&hellip;\n","protected":false},"author":2,"featured_media":382513,"comment_status":"","ping_status":"","sticky":false,"template":"","format":"standard","meta":{"footnotes":""},"categories":[1888],"tags":[1111,1928,11,1927,51552,1777,674,1011,27,12,1926,626,30526,51551,1925,40866,25,7582],"class_list":{"0":"post-382512","1":"post","2":"type-post","3":"status-publish","4":"format-standard","5":"has-post-thumbnail","7":"category-paris","8":"tag-actu","9":"tag-actu-paris","10":"tag-actualites","11":"tag-actualites-paris","12":"tag-davantage-de-trains-trenitalia-entre-paris-et-lyon","13":"tag-eu","14":"tag-europe","15":"tag-fr","16":"tag-france","17":"tag-news","18":"tag-news-paris","19":"tag-paris","20":"tag-paris-marseille-en-train","21":"tag-paris-milan-en-train","22":"tag-paris-news","23":"tag-paris-lyon","24":"tag-republique-francaise","25":"tag-trenitalia"},"share_on_mastodon":{"url":"https:\/\/pubeurope.com\/@fr\/115185160605226815","error":""},"_links":{"self":[{"href":"https:\/\/www.europesays.com\/fr\/wp-json\/wp\/v2\/posts\/382512","targetHints":{"allow":["GET"]}}],"collection":[{"href":"https:\/\/www.europesays.com\/fr\/wp-json\/wp\/v2\/posts"}],"about":[{"href":"https:\/\/www.europesays.com\/fr\/wp-json\/wp\/v2\/types\/post"}],"author":[{"embeddable":true,"href":"https:\/\/www.europesays.com\/fr\/wp-json\/wp\/v2\/users\/2"}],"replies":[{"embeddable":true,"href":"https:\/\/www.europesays.com\/fr\/wp-json\/wp\/v2\/comments?post=382512"}],"version-history":[{"count":0,"href":"https:\/\/www.europesays.com\/fr\/wp-json\/wp\/v2\/posts\/382512\/revisions"}],"wp:featuredmedia":[{"embeddable":true,"href":"https:\/\/www.europesays.com\/fr\/wp-json\/wp\/v2\/media\/382513"}],"wp:attachment":[{"href":"https:\/\/www.europesays.com\/fr\/wp-json\/wp\/v2\/media?parent=382512"}],"wp:term":[{"taxonomy":"category","embeddable":true,"href":"https:\/\/www.europesays.com\/fr\/wp-json\/wp\/v2\/categories?post=382512"},{"taxonomy":"post_tag","embeddable":true,"href":"https:\/\/www.europesays.com\/fr\/wp-json\/wp\/v2\/tags?post=382512"}],"curies":[{"name":"wp","href":"https:\/\/api.w.org\/{rel}","templated":true}]}}