{"id":382516,"date":"2025-09-11T10:21:13","date_gmt":"2025-09-11T10:21:13","guid":{"rendered":"https:\/\/www.europesays.com\/fr\/382516\/"},"modified":"2025-09-11T10:21:13","modified_gmt":"2025-09-11T10:21:13","slug":"a-paris-un-tour-du-monde-culinaire-au-pied-de-la-tour-eiffel","status":"publish","type":"post","link":"https:\/\/www.europesays.com\/fr\/382516\/","title":{"rendered":"\u00c0 Paris, un tour du monde culinaire au pied de la tour Eiffel"},"content":{"rendered":"<p class=\"paragraph text_align_left lp-f-body-02\">La 7e \u00e9dition du Village International de la Gastronomie a ouvert ses portes ce jeudi 11 septembre, offrant aux Parisiens et aux visiteurs une invitation \u00e0 un tour du monde des saveurs au pied de <a href=\"https:\/\/www.leparisien.fr\/paris-75\/tour-eiffel\/\" target=\"_blank\" rel=\"noreferrer nofollow noopener\">la tour Eiffel<\/a> (<a href=\"https:\/\/www.leparisien.fr\/paris-75\/paris-75007\/\" target=\"_blank\" rel=\"noreferrer nofollow noopener\">VIIe arrondissement<\/a>). Cet \u00e9v\u00e9nement transforme le <a href=\"https:\/\/www.leparisien.fr\/paris-75\/paris-vendu-165-millions-deuros-le-prestigieux-ilot-chirac-change-de-proprietaire-pour-la-premiere-fois-16-04-2025-Y5ZYK7LIDBGLND7SW3FTSLRKXY.php\" target=\"_blank\" rel=\"noreferrer nofollow noopener\">quai Jacques-Chirac<\/a> en un carrefour culturel et gastronomique, r\u00e9unissant 63 pays autour d\u2019une passion commune : la cuisine.<\/p>\n<p class=\"paragraph text_align_left lp-f-body-02\">Cette ann\u00e9e, le festival est parrain\u00e9 par <a href=\"https:\/\/www.leparisien.fr\/culture-loisirs\/les-jures-de-top-chef-face-a-nos-lecteurs-des-etoiles-nont-pas-le-niveau-de-certains-candidats-23-03-2025-ZZ6L34WGBNCZRAGD6PI4E7AIHA.php\" target=\"_blank\" rel=\"noreferrer nofollow noopener\">H\u00e9l\u00e8ne Darroze<\/a>, cheffe triplement \u00e9toil\u00e9e en France et au Royaume-Uni. \u00ab Ce rendez-vous unique incarne tout ce que j\u2019aime dans la cuisine : le partage, la transmission, la diversit\u00e9 des cultures et l\u2019amour des produits de terroirs. J\u2019ai h\u00e2te de d\u00e9couvrir les talents venus du monde entier et de vivre ensemble cette grande f\u00eate des saveurs \u00bb, s\u2019est r\u00e9jouie la cheffe.<\/p>\n<p class=\"paragraph text_align_left lp-f-body-02\">Jusqu\u2019\u00e0 dimanche 14 septembre, le Village International de la Gastronomie propose une immersion dans les traditions culinaires du monde entier. Outre les d\u00e9gustations, le programme est riche en animations : d\u00e9monstrations culinaires par des chefs de renom, concerts de musique traditionnelle, tables rondes sur les enjeux de l\u2019alimentation et de la gastronomie durable. Le Cambodge est l\u2019invit\u00e9 d\u2019honneur de cette \u00e9dition, offrant aux visiteurs un aper\u00e7u de la richesse et de la diversit\u00e9 de sa cuisine.<\/p>\n<p>Une entr\u00e9e \u00e0 5 euros<\/p>\n<p class=\"paragraph text_align_left lp-f-body-02\">Pour la toute premi\u00e8re fois, le Village accueillera la Private Chef World Cup, une comp\u00e9tition mondiale in\u00e9dite d\u00e9di\u00e9e aux chefs \u00e0 domicile, imagin\u00e9e par Cyril Rouquet-Pr\u00e9vost, chef m\u00e9diatique r\u00e9v\u00e9l\u00e9 par <a href=\"https:\/\/www.leparisien.fr\/international\/royaume-uni\/masterchef-propos-racistes-langage-sexuel-les-deux-presentateurs-de-lemission-anglaise-renvoyes-15-07-2025-LL35NPSLGJHFPIFSPIKG4Z2MY4.php\" target=\"_blank\" rel=\"noreferrer nofollow noopener\">MasterChef<\/a>, auteur culinaire et producteur.<\/p>\n<p class=\"paragraph text_align_left lp-f-body-02\">Plus qu\u2019un simple festival culinaire, c\u2019est une c\u00e9l\u00e9bration de la diversit\u00e9 culturelle et de l\u2019amiti\u00e9 entre les peuples. L\u2019occasion de d\u00e9couvrir des saveurs in\u00e9dites, d\u2019\u00e9changer avec des passionn\u00e9s et de s\u2019ouvrir \u00e0 d\u2019autres cultures. Pour les plus jeunes, des ateliers et des animations ludiques sont \u00e9galement propos\u00e9s, afin de les sensibiliser \u00e0 la richesse de la gastronomie mondiale.<\/p>\n<p class=\"paragraph text_align_left lp-f-body-02\">Le Village est aussi un rendez-vous international \u00e0 port\u00e9e diplomatique puisque ce sont les ambassades et repr\u00e9sentations officielles des pays qui choisissent de participer, mobilisant parfois les ambassadeurs eux-m\u00eames.<\/p>\n<p class=\"paragraph text_align_left lp-f-body-02\">On se souvient notamment des <a href=\"https:\/\/www.leparisien.fr\/paris-75\/paris-un-tour-du-monde-gastronomique-en-quatre-jours-au-pied-de-la-tour-eiffel-31-08-2022-HWRYS7VDJZFWHJCTSAHQ26XHWA.php\" target=\"_blank\" rel=\"noreferrer nofollow noopener\">pr\u00e9c\u00e9dentes \u00e9ditions du Village International de la Gastronomie<\/a>, qui avaient d\u00e9j\u00e0 attir\u00e9 des milliers de visiteurs curieux de d\u00e9couvrir les saveurs d\u2019ailleurs. Pour cette septi\u00e8me \u00e9dition, le prix d\u2019entr\u00e9e est fix\u00e9 \u00e0 5 euros, avec une gratuit\u00e9 pour les moins de 12 ans.<\/p>\n","protected":false},"excerpt":{"rendered":"La 7e \u00e9dition du Village International de la Gastronomie a ouvert ses portes ce jeudi 11 septembre, offrant&hellip;\n","protected":false},"author":2,"featured_media":382517,"comment_status":"","ping_status":"","sticky":false,"template":"","format":"standard","meta":{"footnotes":""},"categories":[1888],"tags":[11,1777,674,1011,27,1944,12,626,25],"class_list":{"0":"post-382516","1":"post","2":"type-post","3":"status-publish","4":"format-standard","5":"has-post-thumbnail","7":"category-paris","8":"tag-actualites","9":"tag-eu","10":"tag-europe","11":"tag-fr","12":"tag-france","13":"tag-ma-ville","14":"tag-news","15":"tag-paris","16":"tag-republique-francaise"},"share_on_mastodon":{"url":"https:\/\/pubeurope.com\/@fr\/115185168130867342","error":""},"_links":{"self":[{"href":"https:\/\/www.europesays.com\/fr\/wp-json\/wp\/v2\/posts\/382516","targetHints":{"allow":["GET"]}}],"collection":[{"href":"https:\/\/www.europesays.com\/fr\/wp-json\/wp\/v2\/posts"}],"about":[{"href":"https:\/\/www.europesays.com\/fr\/wp-json\/wp\/v2\/types\/post"}],"author":[{"embeddable":true,"href":"https:\/\/www.europesays.com\/fr\/wp-json\/wp\/v2\/users\/2"}],"replies":[{"embeddable":true,"href":"https:\/\/www.europesays.com\/fr\/wp-json\/wp\/v2\/comments?post=382516"}],"version-history":[{"count":0,"href":"https:\/\/www.europesays.com\/fr\/wp-json\/wp\/v2\/posts\/382516\/revisions"}],"wp:featuredmedia":[{"embeddable":true,"href":"https:\/\/www.europesays.com\/fr\/wp-json\/wp\/v2\/media\/382517"}],"wp:attachment":[{"href":"https:\/\/www.europesays.com\/fr\/wp-json\/wp\/v2\/media?parent=382516"}],"wp:term":[{"taxonomy":"category","embeddable":true,"href":"https:\/\/www.europesays.com\/fr\/wp-json\/wp\/v2\/categories?post=382516"},{"taxonomy":"post_tag","embeddable":true,"href":"https:\/\/www.europesays.com\/fr\/wp-json\/wp\/v2\/tags?post=382516"}],"curies":[{"name":"wp","href":"https:\/\/api.w.org\/{rel}","templated":true}]}}