{"id":382518,"date":"2025-09-11T10:22:14","date_gmt":"2025-09-11T10:22:14","guid":{"rendered":"https:\/\/www.europesays.com\/fr\/382518\/"},"modified":"2025-09-11T10:22:14","modified_gmt":"2025-09-11T10:22:14","slug":"des-representants-de-la-maison-russe-ont-participe-aux-ceremonies-commemoratives-a-thil","status":"publish","type":"post","link":"https:\/\/www.europesays.com\/fr\/382518\/","title":{"rendered":"Des repr\u00e9sentants de la Maison russe ont particip\u00e9 aux c\u00e9r\u00e9monies comm\u00e9moratives \u00e0 Thil"},"content":{"rendered":"<p>Le 7 septembre, \u00e0 Thil (Meurthe-et-Moselle), ont eu lieu des comm\u00e9morations \u00e0 l\u2019occasion du 81\u1d49 anniversaire de la Lib\u00e9ration de la ville des occupants fascistes.<\/p>\n<p>\u00c0 l\u2019invitation du maire de Thil, Stephan Brusco, des repr\u00e9sentants officiels du Consulat g\u00e9n\u00e9ral de Russie \u00e0 Strasbourg, de\u00a0l\u2019Ambassade de la R\u00e9publique de Bi\u00e9lorussie en France ainsi que de la Maison russe des sciences et de la culture \u00e0 Paris ont pris part aux c\u00e9r\u00e9monies. Apr\u00e8s l\u2019ex\u00e9cution des hymnes de la F\u00e9d\u00e9ration de Russie, de la R\u00e9publique de Bi\u00e9lorussie et de la R\u00e9publique fran\u00e7aise, les d\u00e9l\u00e9gations russe et bi\u00e9lorusse ont particip\u00e9 \u00e0 la c\u00e9r\u00e9monie de d\u00e9p\u00f4t de gerbes dans la mine, sur le lieu d\u2019inhumation de prisonni\u00e8res sovi\u00e9tiques du camp de concentration d\u2019\u00c9rouville, contraintes de travailler ici \u00e0 la production de \u00ab\u00a0l\u2019arme de repr\u00e9sailles\u00a0\u00bb fasciste.<\/p>\n<p>Dans leurs interventions, les repr\u00e9sentants des d\u00e9l\u00e9gations ont honor\u00e9 la m\u00e9moire des h\u00e9ro\u00efnes de la R\u00e9sistance qui, apr\u00e8s s\u2019\u00eatre \u00e9vad\u00e9es du camp de concentration, ont combattu en Lorraine au sein de l\u2019unique d\u00e9tachement f\u00e9minin de la R\u00e9sistance \u00ab\u00a0Rodina\u00a0\u00bb.<\/p>\n<p>\u00c0 la c\u00e9r\u00e9monie officielle ont \u00e9galement pris part la s\u00e9natrice du d\u00e9partement de Meurthe-et-Moselle, Mme\u00a0S.Silvani, la vice-pr\u00e9sidente du conseil d\u00e9partemental de Meurthe-et-Moselle, Mme\u00a0A.Silvestri, le maire de Thil, M.S.Brusco, des responsables et repr\u00e9sentants d\u2019associations m\u00e9morielles militaires ainsi que des habitants de la ville.<\/p>\n<p>Les \u00e9v\u00e9nements ont eu lieu avec la participation active du chercheur fran\u00e7ais Ren\u00e9 Barchi, fils d\u2019un r\u00e9sistant et auteur d\u2019une brochure d\u00e9di\u00e9e au d\u00e9tachement f\u00e9minin \u00ab\u00a0Rodina\u00a0\u00bb. En cette ann\u00e9e du 80\u1d49 anniversaire de la Grande Victoire, des d\u00e9marches sont entreprises afin de perp\u00e9tuer la m\u00e9moire du d\u00e9tachement h\u00e9ro\u00efque \u00ab\u00a0Rodina\u00a0\u00bb. La m\u00e9moire de cette unit\u00e9 combattante f\u00e9minine d\u2019exception m\u00e9rite une v\u00e9ritable fiert\u00e9 et une gloire \u00e9ternelle\u00a0! Les repr\u00e9sentants de la Maison russe ainsi que Ren\u00e9 Barchi ont \u00e9galement honor\u00e9 la m\u00e9moire de 54 prisonniers de guerre sovi\u00e9tiques reposant \u00e0 Valleroy.<\/p>\n","protected":false},"excerpt":{"rendered":"Le 7 septembre, \u00e0 Thil (Meurthe-et-Moselle), ont eu lieu des comm\u00e9morations \u00e0 l\u2019occasion du 81\u1d49 anniversaire de la&hellip;\n","protected":false},"author":2,"featured_media":382519,"comment_status":"","ping_status":"","sticky":false,"template":"","format":"standard","meta":{"footnotes":""},"categories":[1591],"tags":[11,18633,1887,12,1885,1886,132],"class_list":{"0":"post-382518","1":"post","2":"type-post","3":"status-publish","4":"format-standard","5":"has-post-thumbnail","7":"category-russie","8":"tag-actualites","9":"tag-deuxieme-guerre-mondiale","10":"tag-federation-de-russie","11":"tag-news","12":"tag-russia","13":"tag-russian-federation","14":"tag-russie"},"share_on_mastodon":{"url":"https:\/\/pubeurope.com\/@fr\/115185172024643962","error":""},"_links":{"self":[{"href":"https:\/\/www.europesays.com\/fr\/wp-json\/wp\/v2\/posts\/382518","targetHints":{"allow":["GET"]}}],"collection":[{"href":"https:\/\/www.europesays.com\/fr\/wp-json\/wp\/v2\/posts"}],"about":[{"href":"https:\/\/www.europesays.com\/fr\/wp-json\/wp\/v2\/types\/post"}],"author":[{"embeddable":true,"href":"https:\/\/www.europesays.com\/fr\/wp-json\/wp\/v2\/users\/2"}],"replies":[{"embeddable":true,"href":"https:\/\/www.europesays.com\/fr\/wp-json\/wp\/v2\/comments?post=382518"}],"version-history":[{"count":0,"href":"https:\/\/www.europesays.com\/fr\/wp-json\/wp\/v2\/posts\/382518\/revisions"}],"wp:featuredmedia":[{"embeddable":true,"href":"https:\/\/www.europesays.com\/fr\/wp-json\/wp\/v2\/media\/382519"}],"wp:attachment":[{"href":"https:\/\/www.europesays.com\/fr\/wp-json\/wp\/v2\/media?parent=382518"}],"wp:term":[{"taxonomy":"category","embeddable":true,"href":"https:\/\/www.europesays.com\/fr\/wp-json\/wp\/v2\/categories?post=382518"},{"taxonomy":"post_tag","embeddable":true,"href":"https:\/\/www.europesays.com\/fr\/wp-json\/wp\/v2\/tags?post=382518"}],"curies":[{"name":"wp","href":"https:\/\/api.w.org\/{rel}","templated":true}]}}