{"id":382520,"date":"2025-09-11T10:23:18","date_gmt":"2025-09-11T10:23:18","guid":{"rendered":"https:\/\/www.europesays.com\/fr\/382520\/"},"modified":"2025-09-11T10:23:18","modified_gmt":"2025-09-11T10:23:18","slug":"intrusion-de-drones-la-pologne-a-demande-une-reunion-extraordinaire-du-conseil-de-securite-de-lonu","status":"publish","type":"post","link":"https:\/\/www.europesays.com\/fr\/382520\/","title":{"rendered":"Intrusion de drones: la Pologne a demand\u00e9 une r\u00e9union extraordinaire du Conseil de s\u00e9curit\u00e9 de l&rsquo;ONU"},"content":{"rendered":"<p class=\"ap-StoryElement ap-StoryElement--mb js-paywall-target ap-StoryText\">\u00ab\u00a0A la demande de la Pologne, une r\u00e9union extraordinaire du Conseil de s\u00e9curit\u00e9 des Nations unies sera convoqu\u00e9e au sujet de la violation de l&rsquo;espace a\u00e9rien polonais par la Russie\u00a0\u00bb, a indiqu\u00e9 le minist\u00e8re polonais des Affaires \u00e9trang\u00e8res sur X.<\/p>\n<p class=\"ap-StoryElement ap-StoryElement--mb ap-StoryText\">La Pologne entend ainsi \u00ab\u00a0attirer l&rsquo;attention du monde entier sur cette attaque sans pr\u00e9c\u00e9dent men\u00e9e par des drones russes contre un pays membre non seulement de l&rsquo;ONU, mais aussi de l&rsquo;Union europ\u00e9enne et de l&rsquo;OTAN\u00a0\u00bb, a d\u00e9clar\u00e9 le chef de la diplomatie polonaise Radoslaw Sikorski \u00e0 la radio RMF FM.<\/p>\n<p class=\"ap-StoryElement ap-StoryElement--mb ap-StoryText\">Selon lui, l&rsquo;intrusion n&rsquo;est \u00ab\u00a0pas seulement un test pour la Pologne, c&rsquo;est un test pour toute l&rsquo;OTAN et pas seulement militaire, mais aussi politique\u00a0\u00bb.<\/p>\n<p class=\"ap-StoryElement ap-StoryElement--mb ap-StoryText\">Jeudi matin \u00e9galement, Varsovie a annonc\u00e9 la limitation du trafic a\u00e9rien \u00e0 sa fronti\u00e8re orientale mise en place \u00ab\u00a0pour assurer la s\u00e9curit\u00e9 nationale\u00a0\u00bb, selon un communiqu\u00e9 de l&rsquo;agence de navigation a\u00e9rienne polonaise (PAZP).<\/p>\n<p class=\"ap-StoryElement ap-StoryElement--mb ap-StoryText\">Selon cette agence, \u00e0 la demande de l&rsquo;arm\u00e9e polonaise, le trafic a\u00e9rien sera ferm\u00e9, sauf rares exceptions, aux vols civils le long de la fronti\u00e8re avec le B\u00e9larus et l&rsquo;Ukraine, \u00e0 partir de jeudi et jusqu&rsquo;au 9 d\u00e9cembre.<\/p>\n<p class=\"ap-StoryElement ap-StoryElement--mb ap-StoryText\">Selon Varsovie, 19 drones sont entr\u00e9s dans la nuit de mardi \u00e0 mercredi dans l&rsquo;espace a\u00e9rien polonais, sans faire de bless\u00e9s. Au moins trois drones, \u00ab\u00a0de fabrication russe\u00a0\u00bb, selon M. Sikorski, ont \u00e9t\u00e9 abattus par l&rsquo;arm\u00e9e polonaise \u00e9paul\u00e9e par les alli\u00e9s de l&rsquo;Otan.<\/p>\n<p class=\"ap-StoryElement ap-StoryElement--mb ap-StoryText\">Une maison et une voiture ont \u00e9t\u00e9 endommag\u00e9es dans l&rsquo;est du pays.<\/p>\n<p class=\"ap-StoryElement ap-StoryElement--mb ap-StoryText\">Les d\u00e9bris de 16 drones ont \u00e9t\u00e9 retrouv\u00e9s, selon un bilan publi\u00e9 mercredi soir par le minist\u00e8re polonais de l&rsquo;Int\u00e9rieur.<\/p>\n<p><a href=\"https:\/\/www.lalibre.be\/international\/europe\/guerre-ukraine-russie\/2025\/09\/11\/comment-des-militaires-belges-sont-intervenus-dans-loperation-contre-les-drones-russes-en-pologne-LLFTRF5DJVC25P7W76WYJ3FS4M\/\" target=\"_blank\" rel=\"noopener noreferrer\" class=\"ap-StoryInterstitialLink ap-StoryElement ap-StoryElement--mb\">Comment des militaires belges sont intervenus dans l&rsquo;op\u00e9ration contre les drones russes en Pologne<\/a>\u00ab\u00a0Fuite en avant\u00a0\u00bb<\/p>\n<p class=\"ap-StoryElement ap-StoryElement--mb ap-StoryText\">L&rsquo;intrusion a provoqu\u00e9 une avalanche de protestations des alli\u00e9s de la Pologne.<\/p>\n<p class=\"ap-StoryElement ap-StoryElement--mb ap-StoryText\">Mercredi, le chancelier allemand Friedrich Merz a d\u00e9nonc\u00e9 une \u00ab\u00a0action agressive\u00a0\u00bb de la Russie, et le pr\u00e9sident fran\u00e7ais Emmanuel Macron a mis en garde Moscou contre une \u00ab\u00a0fuite en avant\u00a0\u00bb.<\/p>\n<p class=\"ap-StoryElement ap-StoryElement--mb ap-StoryText\">\u00ab\u00a0Nous soutenons nos alli\u00e9s de l&rsquo;Otan face \u00e0 ces violations de l&rsquo;espace a\u00e9rien et d\u00e9fendrons chaque centim\u00e8tre du territoire\u00a0\u00bb de l&rsquo;Alliance, a promis l&rsquo;ambassadeur am\u00e9ricain aupr\u00e8s de cette organisation, Matthew Whitaker.<\/p>\n<p class=\"ap-StoryElement ap-StoryElement--mb ap-StoryText\">La cheffe de la diplomatie europ\u00e9enne Kaja Kallas a d\u00e9nonc\u00e9 \u00ab\u00a0la violation la plus grave de l&rsquo;espace a\u00e9rien europ\u00e9en par la Russie depuis le d\u00e9but de la guerre\u00a0\u00bb.<\/p>\n<p class=\"ap-StoryElement ap-StoryElement--mb ap-StoryText\">Le Conseil de l&rsquo;Atlantique Nord, le principal organe de d\u00e9cision politique de l&rsquo;Alliance, a modifi\u00e9 le m\u00eame jour le format de sa r\u00e9union hebdomadaire pour la tenir dans le cadre de l&rsquo;article 4 du trait\u00e9 constitutif de cette organisation, dont Varsovie a demand\u00e9 l&rsquo;activation.<\/p>\n<p class=\"ap-StoryElement ap-StoryElement--mb ap-StoryText\">Celui-ci stipule que \u00ab\u00a0les parties se consulteront chaque fois que, de l&rsquo;avis de l&rsquo;une d&rsquo;elles, l&rsquo;int\u00e9grit\u00e9 territoriale, l&rsquo;ind\u00e9pendance politique ou la s\u00e9curit\u00e9 de l&rsquo;une des parties sera menac\u00e9e\u00a0\u00bb.<\/p>\n<p class=\"ap-StoryElement ap-StoryElement--mb ap-StoryText\">Jeudi, la Chine, membre permanent du Conseil de s\u00e9curit\u00e9 de l&rsquo;ONU et soutien diplomatique de Moscou, a appel\u00e9 au \u00ab\u00a0dialogue\u00a0\u00bb les parties concern\u00e9es.<\/p>\n<p class=\"ap-StoryElement ap-StoryElement--mb ap-StoryText\">\u00ab\u00a0La Chine esp\u00e8re que toutes les parties concern\u00e9es r\u00e9soudront de fa\u00e7on appropri\u00e9e leurs diff\u00e9rends par le dialogue et la consultation\u00a0\u00bb, a indiqu\u00e9 lors d&rsquo;un point presse r\u00e9gulier Lin Jian, un porte-parole du minist\u00e8re chinois des Affaires \u00e9trang\u00e8res.<\/p>\n","protected":false},"excerpt":{"rendered":"\u00ab\u00a0A la demande de la Pologne, une r\u00e9union extraordinaire du Conseil de s\u00e9curit\u00e9 des Nations unies sera convoqu\u00e9e&hellip;\n","protected":false},"author":2,"featured_media":382521,"comment_status":"","ping_status":"","sticky":false,"template":"","format":"standard","meta":{"footnotes":""},"categories":[1590],"tags":[11,42856,2120,312,1777,674,1146,12,3521,2437,132,220],"class_list":{"0":"post-382520","1":"post","2":"type-post","3":"status-publish","4":"format-standard","5":"has-post-thumbnail","7":"category-ukraine","8":"tag-actualites","9":"tag-belarus","10":"tag-conflit","11":"tag-diplomatie","12":"tag-eu","13":"tag-europe","14":"tag-guerre","15":"tag-news","16":"tag-onu","17":"tag-pologne","18":"tag-russie","19":"tag-ukraine"},"share_on_mastodon":{"url":"https:\/\/pubeurope.com\/@fr\/115185176018112109","error":""},"_links":{"self":[{"href":"https:\/\/www.europesays.com\/fr\/wp-json\/wp\/v2\/posts\/382520","targetHints":{"allow":["GET"]}}],"collection":[{"href":"https:\/\/www.europesays.com\/fr\/wp-json\/wp\/v2\/posts"}],"about":[{"href":"https:\/\/www.europesays.com\/fr\/wp-json\/wp\/v2\/types\/post"}],"author":[{"embeddable":true,"href":"https:\/\/www.europesays.com\/fr\/wp-json\/wp\/v2\/users\/2"}],"replies":[{"embeddable":true,"href":"https:\/\/www.europesays.com\/fr\/wp-json\/wp\/v2\/comments?post=382520"}],"version-history":[{"count":0,"href":"https:\/\/www.europesays.com\/fr\/wp-json\/wp\/v2\/posts\/382520\/revisions"}],"wp:featuredmedia":[{"embeddable":true,"href":"https:\/\/www.europesays.com\/fr\/wp-json\/wp\/v2\/media\/382521"}],"wp:attachment":[{"href":"https:\/\/www.europesays.com\/fr\/wp-json\/wp\/v2\/media?parent=382520"}],"wp:term":[{"taxonomy":"category","embeddable":true,"href":"https:\/\/www.europesays.com\/fr\/wp-json\/wp\/v2\/categories?post=382520"},{"taxonomy":"post_tag","embeddable":true,"href":"https:\/\/www.europesays.com\/fr\/wp-json\/wp\/v2\/tags?post=382520"}],"curies":[{"name":"wp","href":"https:\/\/api.w.org\/{rel}","templated":true}]}}