{"id":382524,"date":"2025-09-11T10:25:32","date_gmt":"2025-09-11T10:25:32","guid":{"rendered":"https:\/\/www.europesays.com\/fr\/382524\/"},"modified":"2025-09-11T10:25:32","modified_gmt":"2025-09-11T10:25:32","slug":"le-royaume-uni-limoge-son-ambassadeur-aux-etats-unis-liberation","status":"publish","type":"post","link":"https:\/\/www.europesays.com\/fr\/382524\/","title":{"rendered":"le Royaume-Uni limoge son ambassadeur aux Etats-Unis \u2013 Lib\u00e9ration"},"content":{"rendered":"<p class=\"sc-cPiKLX AiZTS text-element\">La publication de multiples emails de Jeffrey Epstein vient de faire une premi\u00e8re victime au Royaume-Uni. L\u2019ambassadeur britannique aux Etats-Unis, Peter Mandelson, a \u00e9t\u00e9 d\u00e9mis de ses fonctions ce jeudi en raison de ses liens avec l\u2019hommes d\u2019affaires accus\u00e9 d\u2019exploitation de mineurs mort en 2019.<\/p>\n<p class=\"sc-cPiKLX AiZTS text-element\">Des e-mails entre le v\u00e9t\u00e9ran du Parti travailliste de 71 ans et le financier am\u00e9ricain r\u00e9v\u00e9l\u00e9s cette semaine \u00abmontrent que la profondeur et l\u2019\u00e9tendue des relations de Peter Mandelson avec Jeffrey Epstein sont sensiblement diff\u00e9rentes de celles connues au moment de sa nomination\u00bb, indique le minist\u00e8re des Affaires \u00e9trang\u00e8res dans un communiqu\u00e9. \u00abCompte tenu de cela, et par \u00e9gard pour les victimes des crimes d\u2019Epstein, il a \u00e9t\u00e9 r\u00e9voqu\u00e9 comme ambassadeur avec effet imm\u00e9diat\u00bb, ajoute le Foreign Office.  <\/p>\n<p class=\"sc-cPiKLX AiZTS text-element\">L\u2019affaire intervient alors que Donald Trump, lui-m\u00eame emp\u00eatr\u00e9 dans l\u2019affaire Epstein, doit effectuer une visite d\u2019Etat au Royaume-Uni dans quelques jours.<\/p>\n<p class=\"sc-cPiKLX AiZTS text-element\"><b>Plus d\u2019informations \u00e0 venir&#8230;<\/b><\/p>\n","protected":false},"excerpt":{"rendered":"La publication de multiples emails de Jeffrey Epstein vient de faire une premi\u00e8re victime au Royaume-Uni. L\u2019ambassadeur britannique&hellip;\n","protected":false},"author":2,"featured_media":382525,"comment_status":"","ping_status":"","sticky":false,"template":"","format":"standard","meta":{"footnotes":""},"categories":[1588],"tags":[11,14751,1777,674,12,473,1853,1851,1850,1852],"class_list":{"0":"post-382524","1":"post","2":"type-post","3":"status-publish","4":"format-standard","5":"has-post-thumbnail","7":"category-royaume-uni","8":"tag-actualites","9":"tag-affaire-epstein","10":"tag-eu","11":"tag-europe","12":"tag-news","13":"tag-royaume-uni","14":"tag-royaume-uni-de-grande-bretagne-et-dirlande-du-nord","15":"tag-uk","16":"tag-united-kingdom","17":"tag-united-kingdom-of-great-britain-and-northern-ireland"},"share_on_mastodon":{"url":"https:\/\/pubeurope.com\/@fr\/115185183851274561","error":""},"_links":{"self":[{"href":"https:\/\/www.europesays.com\/fr\/wp-json\/wp\/v2\/posts\/382524","targetHints":{"allow":["GET"]}}],"collection":[{"href":"https:\/\/www.europesays.com\/fr\/wp-json\/wp\/v2\/posts"}],"about":[{"href":"https:\/\/www.europesays.com\/fr\/wp-json\/wp\/v2\/types\/post"}],"author":[{"embeddable":true,"href":"https:\/\/www.europesays.com\/fr\/wp-json\/wp\/v2\/users\/2"}],"replies":[{"embeddable":true,"href":"https:\/\/www.europesays.com\/fr\/wp-json\/wp\/v2\/comments?post=382524"}],"version-history":[{"count":0,"href":"https:\/\/www.europesays.com\/fr\/wp-json\/wp\/v2\/posts\/382524\/revisions"}],"wp:featuredmedia":[{"embeddable":true,"href":"https:\/\/www.europesays.com\/fr\/wp-json\/wp\/v2\/media\/382525"}],"wp:attachment":[{"href":"https:\/\/www.europesays.com\/fr\/wp-json\/wp\/v2\/media?parent=382524"}],"wp:term":[{"taxonomy":"category","embeddable":true,"href":"https:\/\/www.europesays.com\/fr\/wp-json\/wp\/v2\/categories?post=382524"},{"taxonomy":"post_tag","embeddable":true,"href":"https:\/\/www.europesays.com\/fr\/wp-json\/wp\/v2\/tags?post=382524"}],"curies":[{"name":"wp","href":"https:\/\/api.w.org\/{rel}","templated":true}]}}