{"id":382531,"date":"2025-09-11T10:29:12","date_gmt":"2025-09-11T10:29:12","guid":{"rendered":"https:\/\/www.europesays.com\/fr\/382531\/"},"modified":"2025-09-11T10:29:12","modified_gmt":"2025-09-11T10:29:12","slug":"un-homme-en-fauteuil-roulant-tue-a-larme-blanche","status":"publish","type":"post","link":"https:\/\/www.europesays.com\/fr\/382531\/","title":{"rendered":"un homme en fauteuil roulant tu\u00e9 \u00e0 l\u2019arme blanche"},"content":{"rendered":"<p>La victime \u00e9tait en arr\u00eat cardio-respiratoire quand les secours sont arriv\u00e9s vers 22\u00a0h\u00a030, et ils n\u2019ont pas pu la ranimer, ont pr\u00e9cis\u00e9 les pompiers.<\/p>\n<p class=\"fig-paragraph\">Un homme\u00a0<a href=\"http:\/\/www.lefigaro.fr\/actualite-france\/plus-de-2-millions-de-jeunes-sont-en-situation-de-handicap-en-france-selon-une-etude-20250911\" data-fig-type=\"NewsFlash\" data-gtm-custom-categorie=\"navigation\" data-gtm-custom-action=\"crossclick\" data-gtm-custom-label=\"Contextuel\" data-gtm-event=\"customEventSPE\" data-fig-domain=\"LEFIGARO\" rel=\"nofollow noopener\" target=\"_blank\">en fauteuil roulant<\/a>\u00a0a \u00e9t\u00e9 tu\u00e9 mercredi soir \u00e0 Lyon, frapp\u00e9 au cou avec\u00a0<a href=\"http:\/\/www.lefigaro.fr\/lyon\/rien-ne-justifie-un-tel-acte-le-village-de-villeneuve-de-marc-choque-apres-l-agression-de-son-maire-a-l-arme-blanche-20250807\" data-fig-type=\"Article\" data-gtm-custom-categorie=\"navigation\" data-gtm-custom-action=\"crossclick\" data-gtm-custom-label=\"Contextuel\" data-gtm-event=\"customEventSPE\" data-fig-domain=\"LEFIGARO\" rel=\"nofollow noopener\" target=\"_blank\">une arme blanche<\/a>, a appris jeudi l\u2019AFP de sources proches de l\u2019enqu\u00eate. La victime \u00e2g\u00e9e d\u2019une quarantaine d\u2019ann\u00e9es \u00e9tait en arr\u00eat cardio-respiratoire quand les secours sont arriv\u00e9s vers 22h30, et ils n\u2019ont pas pu la ranimer, ont pr\u00e9cis\u00e9 les pompiers.<\/p>\n<p class=\"fig-paragraph\">Les faits se sont d\u00e9roul\u00e9s au pied d\u2019une barre d\u2019immeubles de la rue Sergent Michel Berthet, dans le quartier de Vaise (9e arrondissement), pr\u00e9cise une source proche et bien inform\u00e9e au Figaro. La victime, de nationalit\u00e9 irakienne et n\u00e9e en 1979, habitait dans la rue, a pr\u00e9cis\u00e9 une source proche du dossier. Selon un t\u00e9moin, un homme l\u2019attendait et l\u2019a frapp\u00e9 au cou. L\u2019auteur \u00aba ensuite pris la fuite \u00e0 pied\u00bb, a-t-elle pr\u00e9cis\u00e9.<\/p>\n<p>                                    <a class=\"fig-a11y-skip a11y-hidden\" href=\"#fig-a11y-skip-main-inarticle\"><br \/>\n        Passer la publicit\u00e9<br \/>\n    <\/a><\/p>\n<p>\u00abIl s\u2019est pris un coup de machette\u00bb<\/p>\n<p class=\"fig-paragraph\">Jeudi matin, des traces de sang restaient visibles sur place et le gardien de l\u2019immeuble tentait de les nettoyer. \u00abIl y avait du sang \u00e0 l\u2019int\u00e9rieur de l\u2019immeuble\u00bb, sur \u00ables vitres, la porte et toute l\u2019entr\u00e9e\u00bb, a-t-il expliqu\u00e9 \u00e0 l\u2019AFP. La victime \u00e9tait \u00abquelqu\u2019un de tr\u00e8s discret, correct\u00bb, a ajout\u00e9 le gardien, qui n\u2019a pas voulu donner plus que son pr\u00e9nom Francisco.<\/p>\n<p class=\"fig-paragraph\">\u00abC\u2019\u00e9tait une personne vuln\u00e9rable, en fauteuil roulant, qui ne marche pas\u00bb et \u00abun voisin sans probl\u00e8me [&#8230;] qui ne parlait \u00e0 personne\u00bb, a ajout\u00e9 une habitante de l\u2019immeuble. Apr\u00e8s avoir entendu \u00abcomme une altercation\u00bb, son mari est descendu et a port\u00e9 secours \u00e0 la victime, a-t-elle ajout\u00e9. \u00abIl s\u2019est pris un coup de machette au niveau de la carotide\u00bb, a-t-elle assur\u00e9.<\/p>\n","protected":false},"excerpt":{"rendered":"La victime \u00e9tait en arr\u00eat cardio-respiratoire quand les secours sont arriv\u00e9s vers 22\u00a0h\u00a030, et ils n\u2019ont pas pu&hellip;\n","protected":false},"author":2,"featured_media":382532,"comment_status":"","ping_status":"","sticky":false,"template":"","format":"standard","meta":{"footnotes":""},"categories":[2],"tags":[11,9405,1011,27,2428,12,25],"class_list":{"0":"post-382531","1":"post","2":"type-post","3":"status-publish","4":"format-standard","5":"has-post-thumbnail","7":"category-actualites","8":"tag-actualites","9":"tag-arme-blanche","10":"tag-fr","11":"tag-france","12":"tag-lyon","13":"tag-news","14":"tag-republique-francaise"},"share_on_mastodon":{"url":"https:\/\/pubeurope.com\/@fr\/115185199592785766","error":""},"_links":{"self":[{"href":"https:\/\/www.europesays.com\/fr\/wp-json\/wp\/v2\/posts\/382531","targetHints":{"allow":["GET"]}}],"collection":[{"href":"https:\/\/www.europesays.com\/fr\/wp-json\/wp\/v2\/posts"}],"about":[{"href":"https:\/\/www.europesays.com\/fr\/wp-json\/wp\/v2\/types\/post"}],"author":[{"embeddable":true,"href":"https:\/\/www.europesays.com\/fr\/wp-json\/wp\/v2\/users\/2"}],"replies":[{"embeddable":true,"href":"https:\/\/www.europesays.com\/fr\/wp-json\/wp\/v2\/comments?post=382531"}],"version-history":[{"count":0,"href":"https:\/\/www.europesays.com\/fr\/wp-json\/wp\/v2\/posts\/382531\/revisions"}],"wp:featuredmedia":[{"embeddable":true,"href":"https:\/\/www.europesays.com\/fr\/wp-json\/wp\/v2\/media\/382532"}],"wp:attachment":[{"href":"https:\/\/www.europesays.com\/fr\/wp-json\/wp\/v2\/media?parent=382531"}],"wp:term":[{"taxonomy":"category","embeddable":true,"href":"https:\/\/www.europesays.com\/fr\/wp-json\/wp\/v2\/categories?post=382531"},{"taxonomy":"post_tag","embeddable":true,"href":"https:\/\/www.europesays.com\/fr\/wp-json\/wp\/v2\/tags?post=382531"}],"curies":[{"name":"wp","href":"https:\/\/api.w.org\/{rel}","templated":true}]}}