{"id":382535,"date":"2025-09-11T10:31:14","date_gmt":"2025-09-11T10:31:14","guid":{"rendered":"https:\/\/www.europesays.com\/fr\/382535\/"},"modified":"2025-09-11T10:31:14","modified_gmt":"2025-09-11T10:31:14","slug":"5-choses-a-savoir-avant-croatie-france-et-le-2-e-tour-de-qualifications","status":"publish","type":"post","link":"https:\/\/www.europesays.com\/fr\/382535\/","title":{"rendered":"5 choses \u00e0 savoir avant Croatie-France et le 2 e tour de qualifications"},"content":{"rendered":"<p>Les Bleus d\u00e9fient, vendredi et samedi, la Croatie du v\u00e9t\u00e9ran Marin Cilic \u00e0 Osijek. Six autres matches attribueront les billets pour le tournoi final en Italie.<\/p>\n<p>Quel format\u00a0?<\/p>\n<p class=\"fig-paragraph\">Les affiches du 2e tour proposent\u00a0: Pays-Bas-Argentine, Australie-Belgique, Hongrie-Autriche, Allemagne-Japon, Etats-Unis-R\u00e9publique tch\u00e8que, Danemark-Espagne et Croatie-France. Tous les matchs se joueront au meilleur des trois manches avec jeu d\u00e9cisif dans tous les sets.<\/p>\n<p>Quelle Croatie\u00a0?<\/p>\n<p class=\"fig-paragraph\">\u00c0 Osijek (salle de 3538 places), la Croatie re\u00e7oit les Bleus. Sur terre battue. En indoor. Il s\u2019agit de la revanche de la finale 2018, les Bleus s\u2019\u00e9taient inclin\u00e9s (3-1) \u00e0 Lille. Marin Cilic (38 ans ; 60e mondial) n\u2019a, en deux rencontres, jamais perdu contre les Bleus (4 victoires en simple, 1 en double). L\u2019ancien n\u00b03 mondial, vainqueur de l\u2019US Open 2014, sera accompagn\u00e9 de Matej Dodig (258e mondial), Dino Prizmic (119e), Nikola Mektic (10e en double) et Mate Pavic (3e en double).<\/p>\n<p>                                    <a class=\"fig-a11y-skip a11y-hidden\" href=\"#fig-a11y-skip-main-inarticle\"><br \/>\n        Passer la publicit\u00e9<br \/>\n    <\/a><\/p>\n<p>Quels Bleus\u00a0?<\/p>\n<p class=\"fig-paragraph\">Apr\u00e8s une victoire 4-0 \u00e0 Orl\u00e9ans lors du 1er tour en f\u00e9vrier, Benjamin Bonzi, Giovanni Mpetshi Perricard, Arthur Rinderknech, Pierre-Hughes Herbert et le d\u00e9butant Corentin Moutet composeront l\u2019\u00e9quipe de France (avec un sparring-partner nomm\u00e9\u00a0<a href=\"https:\/\/x.com\/FFTennis\/status\/1965309733419856266\" target=\"_blank\" rel=\"sponsored noopener\" data-gtm-custom-categorie=\"navigation\" data-gtm-custom-action=\"crossclick\" data-gtm-custom-label=\"Contextuel\" data-gtm-event=\"customEventSPE\">Richard Gasquet<\/a>), vendredi et samedi. \u00ab Les rencontres \u00e0 l\u2019ext\u00e9rieur sont toujours difficiles \u00e0 appr\u00e9hender, mais tr\u00e8s motivantes et excitantes pour les joueurs. Nous avons la chance d\u2019avoir des joueurs exp\u00e9riment\u00e9s et polyvalents qui sont bien \u00e9videmment plus que motiv\u00e9s pour cette rencontre. Ce sera une rencontre forc\u00e9ment d\u00e9licate, jou\u00e9e sur une surface sur laquelle nous n\u2019aurons pas beaucoup de temps pour nous adapter. On donnera le maximum pour aller chercher la victoire avec des joueurs ultra-motiv\u00e9s\u00a0\u00bb, r\u00e9sume Paul-Henri Mathieu, le capitaine tricolore. Une renconter \u00e0 suivre sur BeIN SPORT.<\/p>\n<p>Quelles t\u00eates d\u2019affiche au rendez-vous\u00a0?<\/p>\n<p class=\"fig-paragraph\">Seuls deux joueurs du Top 10 seront en lice\u00a0: l\u2019Am\u00e9ricain Taylor Fritz (5e) et l\u2019Australien Alex de Minaur (8e). Parmi les grands absents figure\u00a0<a href=\"http:\/\/www.lefigaro.fr\/sports\/tennis\/us-open\/tennis-comment-carlos-alcaraz-a-pris-l-ascendant-sur-son-grand-rival-jannik-sinner-20250908\" data-fig-type=\"Article\" data-gtm-custom-categorie=\"navigation\" data-gtm-custom-action=\"crossclick\" data-gtm-custom-label=\"Contextuel\" data-gtm-event=\"customEventSPE\" data-fig-domain=\"LEFIGARO\" target=\"_blank\" rel=\"noopener\">Carlos Alcaraz<\/a>. Le nouveau n\u00b01 mondial, r\u00e9cent vainqueur de l\u2019US Open a, dans la foul\u00e9e de son titre \u00e0 New York, annonc\u00e9 qu\u2019il renon\u00e7ait \u00e0 la rencontre qui opposera l\u2019Espagne \u00e0 la Norv\u00e8ge de Holger Rune. Parmi les autres absents du rendez-vous de Coupe Davis figurent \u00e9galement, c\u00f4t\u00e9 bleu, Arthur Fils et Ugo Humbert. Novak Djokovic (la Serbie sera oppos\u00e9e \u00e0 la Turquie) et F\u00e9lix Auger-Aliassime (le Canada re\u00e7oit Isra\u00ebl) manqueront, dans le World Group I, \u00e9galement le rendez-vous.<\/p>\n<p>Quelle est la prochaine \u00e9tape\u00a0?<\/p>\n<p class=\"fig-paragraph\">Le tournoi final (quarts de finale, demi-finales et finale) de la Coupe Davis se disputera \u00e0 Bologne (du 18 au 23 novembre). L\u2019Italie (laur\u00e9ate en 2023 et 2024), invit\u00e9e, remettra son titre en jeu face aux sept \u00e9quipes sorties victorieuses du 2e tour. La France (dix titres, le dernier datant de 2017) n\u2019a, depuis le changement de l\u2019\u00e9preuve en 2019, jamais acc\u00e9d\u00e9 au Final 8.<\/p>\n","protected":false},"excerpt":{"rendered":"Les Bleus d\u00e9fient, vendredi et samedi, la Croatie du v\u00e9t\u00e9ran Marin Cilic \u00e0 Osijek. Six autres matches attribueront&hellip;\n","protected":false},"author":2,"featured_media":382536,"comment_status":"","ping_status":"","sticky":false,"template":"","format":"standard","meta":{"footnotes":""},"categories":[4],"tags":[47,11,525,4178,1011,27,1114,12,10270,25,1980,1467],"class_list":{"0":"post-382535","1":"post","2":"type-post","3":"status-publish","4":"format-standard","5":"has-post-thumbnail","7":"category-france","8":"tag-actualite","9":"tag-actualites","10":"tag-calendrier","11":"tag-coupe-davis","12":"tag-fr","13":"tag-france","14":"tag-infos","15":"tag-news","16":"tag-rencontres","17":"tag-republique-francaise","18":"tag-resultats","19":"tag-tennis"},"share_on_mastodon":{"url":"https:\/\/pubeurope.com\/@fr\/115185207611970203","error":""},"_links":{"self":[{"href":"https:\/\/www.europesays.com\/fr\/wp-json\/wp\/v2\/posts\/382535","targetHints":{"allow":["GET"]}}],"collection":[{"href":"https:\/\/www.europesays.com\/fr\/wp-json\/wp\/v2\/posts"}],"about":[{"href":"https:\/\/www.europesays.com\/fr\/wp-json\/wp\/v2\/types\/post"}],"author":[{"embeddable":true,"href":"https:\/\/www.europesays.com\/fr\/wp-json\/wp\/v2\/users\/2"}],"replies":[{"embeddable":true,"href":"https:\/\/www.europesays.com\/fr\/wp-json\/wp\/v2\/comments?post=382535"}],"version-history":[{"count":0,"href":"https:\/\/www.europesays.com\/fr\/wp-json\/wp\/v2\/posts\/382535\/revisions"}],"wp:featuredmedia":[{"embeddable":true,"href":"https:\/\/www.europesays.com\/fr\/wp-json\/wp\/v2\/media\/382536"}],"wp:attachment":[{"href":"https:\/\/www.europesays.com\/fr\/wp-json\/wp\/v2\/media?parent=382535"}],"wp:term":[{"taxonomy":"category","embeddable":true,"href":"https:\/\/www.europesays.com\/fr\/wp-json\/wp\/v2\/categories?post=382535"},{"taxonomy":"post_tag","embeddable":true,"href":"https:\/\/www.europesays.com\/fr\/wp-json\/wp\/v2\/tags?post=382535"}],"curies":[{"name":"wp","href":"https:\/\/api.w.org\/{rel}","templated":true}]}}