{"id":382537,"date":"2025-09-11T10:32:19","date_gmt":"2025-09-11T10:32:19","guid":{"rendered":"https:\/\/www.europesays.com\/fr\/382537\/"},"modified":"2025-09-11T10:32:19","modified_gmt":"2025-09-11T10:32:19","slug":"ryder-cup-luke-donald-met-en-garde-contre-la-visite-de-donald-trump","status":"publish","type":"post","link":"https:\/\/www.europesays.com\/fr\/382537\/","title":{"rendered":"Ryder Cup : Luke Donald met en garde contre la visite de Donald Trump"},"content":{"rendered":"<p>\t\t\t\t\t\t<img width=\"770\" height=\"556\" src=\"https:\/\/www.europesays.com\/fr\/wp-content\/uploads\/2025\/09\/afp__20250910__2234644456__v1__midres__bmwpgachampionship2025previews-770x556.jpg\" class=\"img-responsive wp-post-image\" alt=\"Richard HEATHCOTE \/ GETTY IMAGES EUROPE \/ Getty Images via AFP\" decoding=\"async\" fetchpriority=\"high\"  \/>\t\t\t\t\t<\/p>\n<p>\t\t\t\t\t\t Partager cet article <\/p>\n<p class=\"screen-reader-text juiz_sps_maybe_hidden_text\">Partager la publication \u00ab\u00a0Ryder Cup : Luke Donald met en garde contre la visite de Donald Trump\u00a0\u00bb<\/p>\n<p><strong>Luke Donald fait preuve de prudence face \u00e0 la venue de Donald Trump \u00e0 Bethpage, et reste confiant dans la capacit\u00e9 des organisateurs et de son \u00e9quipe \u00e0 g\u00e9rer la Ryder Cup dans un climat passionn\u00e9 mais respectueux.<\/strong><\/p>\n<p>\t\t\t\t\t<a id=\"183970\" href=\"https:\/\/www.kalika.org\/fr\/actualites\/articles\/pro-am-beachcomber \" target=\"_blank\" rel=\"sponsorised nofollow noopener\"><img decoding=\"async\" src=\"data:image\/svg+xml,%3Csvg%20xmlns=\" http:=\"\" class=\"img-responsive\" alt=\"\" data-lazy-src=\"https:\/\/www.europesays.com\/fr\/wp-content\/uploads\/2025\/09\/beachcomber-e02-proam-26-1170x275-1.jpg\"\/><\/a><\/p>\n<p>\u00c0 l\u2019approche de la <strong>Ryder Cup<\/strong> 2025 \u00e0 <strong>Bethpage<\/strong>, <strong>Luke Donald<\/strong> a adress\u00e9 un avertissement prudent concernant la pr\u00e9sence annonc\u00e9e de <strong>Donald Trump<\/strong> lors du premier jour de la comp\u00e9tition.<\/p>\n<p>Le capitaine de l\u2019\u00e9quipe europ\u00e9enne esp\u00e8re que des enseignements ont \u00e9t\u00e9 tir\u00e9s des sc\u00e8nes chaotiques provoqu\u00e9es par la venue du pr\u00e9sident am\u00e9ricain \u00e0 l\u2019<strong>U.S. Open <\/strong>de tennis.<\/p>\n<blockquote><p>&#13;<br \/>\nIl y a eu des retards au tennis, mais j\u2019esp\u00e8re qu\u2019ils [la PGA of America] ont tir\u00e9 des le\u00e7ons de cette exp\u00e9rience.&#13;<\/p>\n<p>Luke Donald<\/p>\n<p>&#13;\n<\/p><\/blockquote>\n<p>\u00ab Nous ne connaissons pas encore tous les d\u00e9tails, je pense que les circuits discutent avec la PGA of America pour obtenir plus d\u2019informations. J\u2019imagine qu\u2019il voudra \u00eatre d\u00e9part du 1. Nous comprenons qu\u2019il va venir et les deux \u00e9quipes seront pr\u00eates pour cela, a-t-il expliqu\u00e9 avant le <strong>BMW PGA Championship<\/strong> \u00e0 <strong>Wentworth<\/strong>, o\u00f9 il s\u2019est impos\u00e9 \u00e0 deux reprises. Il y a eu des retards au tennis, mais j\u2019esp\u00e8re qu\u2019ils ont tir\u00e9 des le\u00e7ons de cette exp\u00e9rience. C\u2019est un long processus d\u2019organiser la venue d\u2019un pr\u00e9sident, avec beaucoup de s\u00e9curit\u00e9, et c\u2019est \u00e0 la PGA of America de faire en sorte que tout se passe sans accrocs. \u00bb<\/p>\n<p>\t\t\t\t\t<a id=\"163834\" href=\"https:\/\/www.kressgolf.com\/\" target=\"_blank\" rel=\"sponsorised nofollow noopener\"><img decoding=\"async\" src=\"data:image\/svg+xml,%3Csvg%20xmlns=\" http:=\"\" class=\"img-responsive\" alt=\"\" data-lazy-src=\"https:\/\/www.europesays.com\/fr\/wp-content\/uploads\/2025\/04\/positec-e01-kress-rtkn-demo-1170x275-1.jpeg\"\/><\/a><br \/>\nUne pr\u00e9paration rigoureuse face \u00e0 un d\u00e9fi unique<\/p>\n<p>Luke Donald a de nouveau soulign\u00e9 que l\u2019ambiance s\u2019annonce bouillante, qu\u2019il y ait ou non la pr\u00e9sence de Donald Trump, et qu\u2019un travail collectif est en place avec les joueurs, leurs entourages et les autorit\u00e9s pour que l\u2019\u00e9v\u00e9nement se d\u00e9roule dans de bonnes conditions.<\/p>\n<p>\u00ab La PGA m\u2019a assur\u00e9 qu\u2019un important dispositif policier serait d\u00e9ploy\u00e9, a-t-il ajout\u00e9. Ils ont \u00e9galement mis en place leurs propres protocoles. Nous avons eu de nombreuses discussions au cours des six derniers mois, et ils m\u2019ont assur\u00e9 que tout se passerait bien. \u00bb<\/p>\n<p>\t\t\t\t\t<a id=\"184740\" href=\"https:\/\/leclub-golf.com\/fr\/actualites\/en-septembre-achetez-votre-carte-classic-et-tentez-de-gagner-votre-abonnement-de-golf?utm_source=golf+planete&amp;utm_medium=referral&amp;utm_campaign=gagner+un+abonnement+golf&amp;utm_id=gagner+un+abonnement+golf_golf+planete_referral_banner\" target=\"_blank\" rel=\"sponsorised nofollow noopener\"><img decoding=\"async\" src=\"data:image\/svg+xml,%3Csvg%20xmlns=\" http:=\"\" class=\"img-responsive\" alt=\"\" data-lazy-src=\"https:\/\/www.europesays.com\/fr\/wp-content\/uploads\/2025\/09\/leclubgolf-e11-niveau-superieur-v2-1170x275-1.gif\"\/><\/a><\/p>\n<p>Photo : Richard Heatchote \/ Getty Images via AFP<\/p>\n","protected":false},"excerpt":{"rendered":"Partager cet article Partager la publication \u00ab\u00a0Ryder Cup : Luke Donald met en garde contre la visite de&hellip;\n","protected":false},"author":2,"featured_media":382538,"comment_status":"","ping_status":"","sticky":false,"template":"","format":"standard","meta":{"footnotes":""},"categories":[1418],"tags":[1011,27,1472,60],"class_list":{"0":"post-382537","1":"post","2":"type-post","3":"status-publish","4":"format-standard","5":"has-post-thumbnail","7":"category-golf","8":"tag-fr","9":"tag-france","10":"tag-golf","11":"tag-sports"},"share_on_mastodon":{"url":"https:\/\/pubeurope.com\/@fr\/115185211965990951","error":""},"_links":{"self":[{"href":"https:\/\/www.europesays.com\/fr\/wp-json\/wp\/v2\/posts\/382537","targetHints":{"allow":["GET"]}}],"collection":[{"href":"https:\/\/www.europesays.com\/fr\/wp-json\/wp\/v2\/posts"}],"about":[{"href":"https:\/\/www.europesays.com\/fr\/wp-json\/wp\/v2\/types\/post"}],"author":[{"embeddable":true,"href":"https:\/\/www.europesays.com\/fr\/wp-json\/wp\/v2\/users\/2"}],"replies":[{"embeddable":true,"href":"https:\/\/www.europesays.com\/fr\/wp-json\/wp\/v2\/comments?post=382537"}],"version-history":[{"count":0,"href":"https:\/\/www.europesays.com\/fr\/wp-json\/wp\/v2\/posts\/382537\/revisions"}],"wp:featuredmedia":[{"embeddable":true,"href":"https:\/\/www.europesays.com\/fr\/wp-json\/wp\/v2\/media\/382538"}],"wp:attachment":[{"href":"https:\/\/www.europesays.com\/fr\/wp-json\/wp\/v2\/media?parent=382537"}],"wp:term":[{"taxonomy":"category","embeddable":true,"href":"https:\/\/www.europesays.com\/fr\/wp-json\/wp\/v2\/categories?post=382537"},{"taxonomy":"post_tag","embeddable":true,"href":"https:\/\/www.europesays.com\/fr\/wp-json\/wp\/v2\/tags?post=382537"}],"curies":[{"name":"wp","href":"https:\/\/api.w.org\/{rel}","templated":true}]}}