{"id":382539,"date":"2025-09-11T10:34:13","date_gmt":"2025-09-11T10:34:13","guid":{"rendered":"https:\/\/www.europesays.com\/fr\/382539\/"},"modified":"2025-09-11T10:34:13","modified_gmt":"2025-09-11T10:34:13","slug":"top-14-bonne-derniere-saison-le-message-enigmatique-de-sekou-macalou-sur-la-suite-de-sa-carriere","status":"publish","type":"post","link":"https:\/\/www.europesays.com\/fr\/382539\/","title":{"rendered":"Top 14 \u2013 \u00ab\u00a0Bonne derni\u00e8re saison\u00a0\u00bb\u00a0: le message \u00e9nigmatique de S\u00e9kou Macalou sur la suite de sa carri\u00e8re"},"content":{"rendered":"<p>\n                S\u00e9kou Macalou, troisi\u00e8me ligne du Stade fran\u00e7ais, a post\u00e9 un message sur compte Instagram. Il laisse sous-entendre que cette saison pourrait \u00eatre sa derni\u00e8re.\n            <\/p>\n<p>Il est sans doute l\u2019un des plus grands talents intrins\u00e8ques\u00a0du Top 14, capable de fulgurances, mixant puissance et vitesse. Pour autant, il demeure souvent irr\u00e9gulier dans ses performances. S\u00e9kou Macalou, 30 ans, entame sa dixi\u00e8me saison avec le Stade fran\u00e7ais, lui qui a connu son premier match face au voisin du Racing 92 en octobre\u00a02015.<\/p>\n<blockquote data-instgrm-captioned=\"\" data-instgrm-permalink=\"https:\/\/www.instagram.com\/p\/DObicQ3CFGp\/?utm_source=ig_embed&amp;utm_campaign=loading\" data-instgrm-version=\"14\" style=\" background:#FFF; border:0; border-radius:3px; box-shadow:0 0 1px 0 rgba(0,0,0,0.5),0 1px 10px 0 rgba(0,0,0,0.15); margin: 1px; max-width:540px; min-width:326px; padding:0; width:99.375%; width:-webkit-calc(100% - 2px); width:calc(100% - 2px);\" data-class=\"instagram-media\"\/>\n<p>Rempla\u00e7ant au coup d\u2019envoi de la premi\u00e8re journ\u00e9e contre Montauban cette saison, il est entr\u00e9 en jeu pour 18 minutes \u00e0 la place de Romain Briatte.<\/p>\n<p>\u00ab\u00a0Bonne derni\u00e8re saison S\u00e9kou\u00a0\u00bb<\/p>\n<p>Hier, l\u2019international fran\u00e7ais a post\u00e9 un message \u00e9nigmatique autour de sa saison et de sa carri\u00e8re. En l\u00e9gende d\u2019une photo avec le maillot rose du Stade fran\u00e7ais, Macalou \u00e9crit\u00a0: \u00ab\u00a0Le temps passe, les saisons d\u00e9filent\u2026 parfois une derni\u00e8re, parfois une nouvelle. Celle-ci aura un go\u00fbt unique\u00a0!\u00a0\u00bb\u00a0Pour compl\u00e9ter le tout, ses co\u00e9quipiers entretiennent le flou autour de l\u2019athl\u00e9tique parisien. \u00ab\u00a0Last dance\u00a0\u00bb (traduisez derni\u00e8re danse) r\u00e9pond Judica\u00ebl Cancoriet, ami de Massy. Le num\u00e9ro\u00a010 Louis Carbonel est beaucoup plus explicite\u00a0: \u00ab\u00a0Bonne derni\u00e8re saison S\u00e9kou\u00a0\u00bb. Dans les commentaires, les supporters s\u2019interrogent\u00a0: \u00ab\u00a0Mais non\u00a0?\u00a0\u00bb, s\u2019\u00e9tonne un fan ; \u00ab\u00a0Il n\u2019y a pas \u00e0 nous faire peur comme \u00e7a\u00a0\u00bb, lance un autre ; \u00ab\u00a0C\u2019est r\u00e9el la derni\u00e8re saison ou tu rigoles\u00a0\u00bb, questionne un dernier.<\/p>\n<p>Sous contrat jusqu\u2019en 2027<\/p>\n<p>Un contexte qui pourrait alors laissait entendre que la fin de sa carri\u00e8re est proche\u00a0? Rien ne l\u2019atteste officiellement. Dans le club de la capitale, on se dit interrogatif au sujet de ce post. Pour rappel, l\u2019homme aux 20 s\u00e9lections et aux 2 matchs en Coupe du monde, est en contrat jusqu\u2019en juin\u00a02027 avec les Soldats roses.<\/p>\n<p>                    <script async src=\"\/\/www.instagram.com\/embed.js\"><\/script><\/p>\n","protected":false},"excerpt":{"rendered":"S\u00e9kou Macalou, troisi\u00e8me ligne du Stade fran\u00e7ais, a post\u00e9 un message sur compte Instagram. Il laisse sous-entendre que&hellip;\n","protected":false},"author":2,"featured_media":382540,"comment_status":"","ping_status":"","sticky":false,"template":"","format":"standard","meta":{"footnotes":""},"categories":[1416],"tags":[1011,27,479,1468,60],"class_list":{"0":"post-382539","1":"post","2":"type-post","3":"status-publish","4":"format-standard","5":"has-post-thumbnail","7":"category-rugby","8":"tag-fr","9":"tag-france","10":"tag-rugby","11":"tag-rugby-football","12":"tag-sports"},"share_on_mastodon":{"url":"https:\/\/pubeurope.com\/@fr\/115185219267212820","error":""},"_links":{"self":[{"href":"https:\/\/www.europesays.com\/fr\/wp-json\/wp\/v2\/posts\/382539","targetHints":{"allow":["GET"]}}],"collection":[{"href":"https:\/\/www.europesays.com\/fr\/wp-json\/wp\/v2\/posts"}],"about":[{"href":"https:\/\/www.europesays.com\/fr\/wp-json\/wp\/v2\/types\/post"}],"author":[{"embeddable":true,"href":"https:\/\/www.europesays.com\/fr\/wp-json\/wp\/v2\/users\/2"}],"replies":[{"embeddable":true,"href":"https:\/\/www.europesays.com\/fr\/wp-json\/wp\/v2\/comments?post=382539"}],"version-history":[{"count":0,"href":"https:\/\/www.europesays.com\/fr\/wp-json\/wp\/v2\/posts\/382539\/revisions"}],"wp:featuredmedia":[{"embeddable":true,"href":"https:\/\/www.europesays.com\/fr\/wp-json\/wp\/v2\/media\/382540"}],"wp:attachment":[{"href":"https:\/\/www.europesays.com\/fr\/wp-json\/wp\/v2\/media?parent=382539"}],"wp:term":[{"taxonomy":"category","embeddable":true,"href":"https:\/\/www.europesays.com\/fr\/wp-json\/wp\/v2\/categories?post=382539"},{"taxonomy":"post_tag","embeddable":true,"href":"https:\/\/www.europesays.com\/fr\/wp-json\/wp\/v2\/tags?post=382539"}],"curies":[{"name":"wp","href":"https:\/\/api.w.org\/{rel}","templated":true}]}}