{"id":382543,"date":"2025-09-11T10:37:15","date_gmt":"2025-09-11T10:37:15","guid":{"rendered":"https:\/\/www.europesays.com\/fr\/382543\/"},"modified":"2025-09-11T10:37:15","modified_gmt":"2025-09-11T10:37:15","slug":"le-championnat-du-monde-motoe-suspendu-apres-2025-lequipe","status":"publish","type":"post","link":"https:\/\/www.europesays.com\/fr\/382543\/","title":{"rendered":"Le Championnat du monde MotoE suspendu apr\u00e8s 2025 &#8211; L&#039;\u00c9quipe"},"content":{"rendered":"<ol>\n<li><a href=\"https:\/\/news.google.com\/rss\/articles\/CBMinAFBVV95cUxOLTJnZjgyQ1paYTZBdVNaX0xHVHRZLTFVUnZjaHNYWjdzaUIxUDh1R24tdDVYa1RhTi13cG1TQ2hhN21iY3hISEpIckNMV1dSdUs0R0toVzV4UnRjcjVJXzVKRzFuMEpROHpqWk5mN2lDbVhnX2kwLW9ubnhIdDFtZmpIVHFOTUdtdmU4TmhNQzNBTTVoa0trMFNfeEo?oc=5\" target=\"_blank\" rel=\"noopener\">Le Championnat du monde MotoE suspendu apr\u00e8s 2025<\/a>&nbsp;&nbsp;L&rsquo;\u00c9quipe<\/li>\n<li><a href=\"https:\/\/news.google.com\/rss\/articles\/CBMiiwFBVV95cUxOci1NVzJOdTRhczZxdlFzN0NOT1BCSURJVi1jZlJQY3JvekVmY2R1UmhCamZJeTFPZDdiUXJjM215Q2V5WkgzQms3bU9DenRGUXdqblcwLWY2U3pJU0Q4Njc5YUU3WUpuX05seDV1ZVc3R2ZxaGgtNDRteVBqdHlYcmZ5QjBad0FXNlpn?oc=5\" target=\"_blank\" rel=\"noopener\">Faute d&rsquo;int\u00e9r\u00eat, le MotoE va s&rsquo;interrompre apr\u00e8s la saison 2025<\/a>&nbsp;&nbsp;Motorsport.com<\/li>\n<li><a href=\"https:\/\/news.google.com\/rss\/articles\/CBMimwFBVV95cUxPeW9mTXpzQkdPM3lJX01EZG5XdjlPWVBlczRCeEVnNG5ZX1VfMkJ2bEFlMUpla1F0N1lRM2NiS0g1a3FxNHdnRWtPSTYyWXJRODYzeE5wWXZ0OWxudjU1bFp5eGdURkt0VzN0WWs5dWF5akZHVko5aW5YYWdwb0ZJeXdBYy1DS3dEUWh5MVYxeDNIQ0szeEhudWlZMA?oc=5\" target=\"_blank\" rel=\"noopener\">Le MotoE\u2122 interrompu \u00e0 l\u2019issue de la saison 2025<\/a>&nbsp;&nbsp;motogp.com<\/li>\n<li><a href=\"https:\/\/news.google.com\/rss\/articles\/CBMilwFBVV95cUxNVFcxanpjcWhNQ3dEaDJRTWR4Uk9vekFodHFFWVI0eFE2aHpoOWZSRnZuNEk4RHBDaWZ1YTJDSFJuQVJuMkxfc0ViVzhGWjBvd19UWGpjUkpYRV90aUtXYXNNNVQ4bmUzZUwxR3BRWEtENmJ2RkdVMnZJWXZsVG9nTklvTFFUcFRSVnJkNWtCQl9UcVhkOEM0?oc=5\" target=\"_blank\" rel=\"noopener\">Breaking : le MotoE s\u2019arr\u00eate \u00e0 la fin de l\u2019ann\u00e9e !<\/a>&nbsp;&nbsp;Moto-Station<\/li>\n<li><a href=\"https:\/\/news.google.com\/rss\/articles\/CBMibEFVX3lxTFBNc0tlNDFpMVZ2ZXVTVVIzbXViXzd0alZ1a19udnp0bzVHMU1BWWhlN214SHlxZnhvSGVfeWJaU0didTR2TEp5WHNtM0pFX092VnVIMHJjU1BGdFE2VEFCZHdubHJkdzNpQXBDYg?oc=5\" target=\"_blank\" rel=\"noopener\">Le MotoE mis sur pause apr\u00e8s 2025<\/a>&nbsp;&nbsp;GP Inside<\/li>\n<\/ol>\n","protected":false},"excerpt":{"rendered":"Le Championnat du monde MotoE suspendu apr\u00e8s 2025&nbsp;&nbsp;L&rsquo;\u00c9quipe Faute d&rsquo;int\u00e9r\u00eat, le MotoE va s&rsquo;interrompre apr\u00e8s la saison 2025&nbsp;&nbsp;Motorsport.com&hellip;\n","protected":false},"author":2,"featured_media":382544,"comment_status":"","ping_status":"","sticky":false,"template":"","format":"standard","meta":{"footnotes":""},"categories":[1413],"tags":[1011,27,1457,1456,60],"class_list":{"0":"post-382543","1":"post","2":"type-post","3":"status-publish","4":"format-standard","5":"has-post-thumbnail","7":"category-moto","8":"tag-fr","9":"tag-france","10":"tag-moto","11":"tag-motocycle","12":"tag-sports"},"share_on_mastodon":{"url":"https:\/\/pubeurope.com\/@fr\/115185231110213505","error":""},"_links":{"self":[{"href":"https:\/\/www.europesays.com\/fr\/wp-json\/wp\/v2\/posts\/382543","targetHints":{"allow":["GET"]}}],"collection":[{"href":"https:\/\/www.europesays.com\/fr\/wp-json\/wp\/v2\/posts"}],"about":[{"href":"https:\/\/www.europesays.com\/fr\/wp-json\/wp\/v2\/types\/post"}],"author":[{"embeddable":true,"href":"https:\/\/www.europesays.com\/fr\/wp-json\/wp\/v2\/users\/2"}],"replies":[{"embeddable":true,"href":"https:\/\/www.europesays.com\/fr\/wp-json\/wp\/v2\/comments?post=382543"}],"version-history":[{"count":0,"href":"https:\/\/www.europesays.com\/fr\/wp-json\/wp\/v2\/posts\/382543\/revisions"}],"wp:featuredmedia":[{"embeddable":true,"href":"https:\/\/www.europesays.com\/fr\/wp-json\/wp\/v2\/media\/382544"}],"wp:attachment":[{"href":"https:\/\/www.europesays.com\/fr\/wp-json\/wp\/v2\/media?parent=382543"}],"wp:term":[{"taxonomy":"category","embeddable":true,"href":"https:\/\/www.europesays.com\/fr\/wp-json\/wp\/v2\/categories?post=382543"},{"taxonomy":"post_tag","embeddable":true,"href":"https:\/\/www.europesays.com\/fr\/wp-json\/wp\/v2\/tags?post=382543"}],"curies":[{"name":"wp","href":"https:\/\/api.w.org\/{rel}","templated":true}]}}