{"id":382545,"date":"2025-09-11T10:38:13","date_gmt":"2025-09-11T10:38:13","guid":{"rendered":"https:\/\/www.europesays.com\/fr\/382545\/"},"modified":"2025-09-11T10:38:13","modified_gmt":"2025-09-11T10:38:13","slug":"dazn-deploie-un-dispositif-premium-pour-la-serie-a","status":"publish","type":"post","link":"https:\/\/www.europesays.com\/fr\/382545\/","title":{"rendered":"DAZN d\u00e9ploie un dispositif premium pour la Serie A"},"content":{"rendered":"<p style=\"text-align: justify;\"><strong>DAZN, premi\u00e8re plateforme mondiale de streaming sportif et diffuseur exclusif du championnat de Serie A en France, propose chaque week-end l\u2019int\u00e9gralit\u00e9 des matches du championnat italien en direct. A l\u2019occasion du choc Juventus Turin \u2013 Inter Milan, DAZN d\u00e9localise son dispositif en Italie pour plonger les abonn\u00e9s au c\u0153ur de la rencontre phare de la 3e journ\u00e9e de championnat, avec une nouvelle recrue qui viendra ajouter son expertise.<\/strong><\/p>\n<p style=\"text-align: justify;\">L\u2019ancien international fran\u00e7ais, Jonathan Zebina, joueur incontournable au sein de La Botte entre 1998 et 2011 (Cagliari, AS Rome, Juventus Turin et Brescia), rejoint Adrien Courouble aux commentaires et Virginie Sainsily en bord terrain pour former le trio de l\u2019\u00e9quipe DAZN qui se d\u00e9placera en Italie sur les plus grands matchs de Serie A.<\/p>\n<p style=\"text-align: justify;\">D\u00e8s 17h30, depuis le bord de la pelouse de l\u2019Allianz Stadium, Virginie Sainsily et Jonathan Zebina, animeront l\u2019avant-match aux c\u00f4t\u00e9s d\u2019invit\u00e9s. \u00c0 cette occasion, les t\u00e9l\u00e9spectateurs suivront avant le coup d\u2019envoi une interview exclusive de Christian \u201cBobo\u201d Vieri, l\u00e9gende de la Squadra Azzurra et consultant vedette de DAZN Italie. Les commentaires de la rencontre seront assur\u00e9s par Adrien Courouble, accompagn\u00e9 de Jonathan Zebina. Au coup de sifflet final, il rejoindra Virginie Sainsily sur le bord du terrain pour 30 minutes de d\u00e9brief, entour\u00e9s des invit\u00e9s du soir.<\/p>\n<p><strong>La Refcam fait son apparition en Serie A<\/strong><\/p>\n<p style=\"text-align: justify;\">En parall\u00e8le, Adrien Courouble interviendra pour contribuer \u00e9galement aux analyses et s\u00e9quences tactiques du match et recueillir les r\u00e9actions des acteurs de la rencontre. Propos\u00e9e cette ann\u00e9e par DAZN, parmi d\u2019autres innovations technologiques, lors de la Coupe du monde des clubs de la FIFA 2025, la Refcam, cam\u00e9ra portative plac\u00e9e sur l\u2019arbitre central, voit le jour en Serie A \u00e0 l\u2019occasion de ce match \u00e9v\u00e9nement, pour placer les fans en immersion, au c\u0153ur de l\u2019action.<\/p>\n<blockquote class=\"instagram-media\" style=\"background: #FFF; border: 0; border-radius: 3px; box-shadow: 0 0 1px 0 rgba(0,0,0,0.5),0 1px 10px 0 rgba(0,0,0,0.15); margin: 1px; max-width: 540px; min-width: 326px; padding: 0; width: calc(100% - 2px);\" data-instgrm-captioned=\"\" data-instgrm-permalink=\"https:\/\/www.instagram.com\/p\/DOGBRz_jf2X\/?utm_source=ig_embed&amp;utm_campaign=loading\" data-instgrm-version=\"14\">\n<\/blockquote>\n<p>\t\t\t<script async src=\"\/\/www.instagram.com\/embed.js\"><\/script><\/p>\n","protected":false},"excerpt":{"rendered":"DAZN, premi\u00e8re plateforme mondiale de streaming sportif et diffuseur exclusif du championnat de Serie A en France, propose&hellip;\n","protected":false},"author":2,"featured_media":382546,"comment_status":"","ping_status":"","sticky":false,"template":"","format":"standard","meta":{"footnotes":""},"categories":[1412],"tags":[1451,1452,1453,1454,1455,1011,27,60],"class_list":{"0":"post-382545","1":"post","2":"type-post","3":"status-publish","4":"format-standard","5":"has-post-thumbnail","7":"category-f1","8":"tag-f1","9":"tag-formula-1","10":"tag-formula1","11":"tag-formule-1","12":"tag-formule1","13":"tag-fr","14":"tag-france","15":"tag-sports"},"share_on_mastodon":{"url":"https:\/\/pubeurope.com\/@fr\/115185234950570399","error":""},"_links":{"self":[{"href":"https:\/\/www.europesays.com\/fr\/wp-json\/wp\/v2\/posts\/382545","targetHints":{"allow":["GET"]}}],"collection":[{"href":"https:\/\/www.europesays.com\/fr\/wp-json\/wp\/v2\/posts"}],"about":[{"href":"https:\/\/www.europesays.com\/fr\/wp-json\/wp\/v2\/types\/post"}],"author":[{"embeddable":true,"href":"https:\/\/www.europesays.com\/fr\/wp-json\/wp\/v2\/users\/2"}],"replies":[{"embeddable":true,"href":"https:\/\/www.europesays.com\/fr\/wp-json\/wp\/v2\/comments?post=382545"}],"version-history":[{"count":0,"href":"https:\/\/www.europesays.com\/fr\/wp-json\/wp\/v2\/posts\/382545\/revisions"}],"wp:featuredmedia":[{"embeddable":true,"href":"https:\/\/www.europesays.com\/fr\/wp-json\/wp\/v2\/media\/382546"}],"wp:attachment":[{"href":"https:\/\/www.europesays.com\/fr\/wp-json\/wp\/v2\/media?parent=382545"}],"wp:term":[{"taxonomy":"category","embeddable":true,"href":"https:\/\/www.europesays.com\/fr\/wp-json\/wp\/v2\/categories?post=382545"},{"taxonomy":"post_tag","embeddable":true,"href":"https:\/\/www.europesays.com\/fr\/wp-json\/wp\/v2\/tags?post=382545"}],"curies":[{"name":"wp","href":"https:\/\/api.w.org\/{rel}","templated":true}]}}