{"id":382549,"date":"2025-09-11T10:40:14","date_gmt":"2025-09-11T10:40:14","guid":{"rendered":"https:\/\/www.europesays.com\/fr\/382549\/"},"modified":"2025-09-11T10:40:14","modified_gmt":"2025-09-11T10:40:14","slug":"le-coup-de-sang-du-psg-le-barca-sous-pression","status":"publish","type":"post","link":"https:\/\/www.europesays.com\/fr\/382549\/","title":{"rendered":"Le coup de sang du PSG, le Bar\u00e7a sous pression"},"content":{"rendered":"<p><b>Le PSG met la pression sur le FC Barcelone pour qu&rsquo;il termine ses travaux du Camp Nou \u00e0 temps afin d&rsquo;en profiter pour le choc du 1er octobre prochain.\u00a0<\/b><\/p>\n<p>La tr\u00eave internationale est d\u00e9sormais termin\u00e9e, et c\u2019est le championnat de France qui va reprendre ses droits. Avant le d\u00e9but de la nouvelle campagne de Ligue des Champions, forc\u00e9ment tr\u00e8s attendue en Europe. Et notamment \u00e0 Paris, o\u00f9 le <a href=\"https:\/\/www.foot01.com\/paris\" target=\"_self\" rel=\"nofollow noopener\">PSG<\/a> va d\u00e9fendre son titre avec un programme charg\u00e9 et prestigieux. Si ce sera d\u2019abord \u00e0 domicile face \u00e0 l\u2019Atalanta Bergame, il y a ensuite un d\u00e9placement de gala \u00e0 Barcelone pour le 1er octobre. Un match tr\u00e8s attendu, mais dont la pr\u00e9paration ne plait pas beaucoup au club de la capitale fran\u00e7aise.\u00a0<\/p>\n<p>En effet, les travaux du Camp Nou ont pris du retard, et le FC Barcelone n\u2019est pas certain de les avoir termin\u00e9s \u00e0 temps pour accueillir le PSG dans sa nouvelle enceinte. Selon les dirigeants du club catalan, m\u00eame pour le match \u00e0 venir face \u00e0 Getafe, et avec une Liga moins stricte que l\u2019UEFA pour l\u2019accueil des rencontres dans des conditions provisoires, le Bar\u00e7a va avoir du mal \u00e0 avoir le feu vert. Une situation qui d\u00e9plait fortement \u00e0 Nasser Al-Khela\u00effi, qui a tout de m\u00eame pris le soin de contacter ses homologues espagnols pour leur faire comprendre que le PSG se devait de jouer au Camp Nou. C\u2019est le coup de pression mis par Paris au Bar\u00e7a selon Sport, qui souligne que les solutions de repli envisag\u00e9es ne plaisent pas vraiment au club parisien.\u00a0<\/p>\n<p>Le PSG n\u2019a bien \u00e9videmment pas son mot \u00e0 dire sur le sujet, mais il se voit mal aller au stade du voisin de l\u2019Espanyol \u00e0 Montjuic, ou encore pire \u00e0 l\u2019enceinte Johan Cruyff du centre d\u2019entrainement. Le PSG esp\u00e8re en tout cas peser pour faire comprendre que le Camp Nou sera le mieux, ne serait-ce que pour accueillir les supporters parisiens en d\u00e9placement, ce qui serait tr\u00e8s limit\u00e9 ou impossible dans les solutions de repli. Pour toute r\u00e9ponse, le Bar\u00e7a a demand\u00e9 \u00e0 l\u2019UEFA et au PSG un petit d\u00e9lai suppl\u00e9mentaire, afin de savoir si le Camp Nou serait pr\u00eat pour un galop d\u2019essai pour la r\u00e9ception de la Real Sociedad, le 28 septembre prochain. Un timing tr\u00e8s court mais qui pourrait permettre de voir cette affiche face au PSG se d\u00e9rouler dans le grand stade barcelonais.\u00a0<\/p>\n<p><img decoding=\"async\" class=\"w-6 h-6\" src=\"https:\/\/www.europesays.com\/fr\/wp-content\/uploads\/2025\/09\/2.png\" alt=\"\"\/>Champions League01 octobre 2025 \u00e0 21:00<\/p>\n","protected":false},"excerpt":{"rendered":"Le PSG met la pression sur le FC Barcelone pour qu&rsquo;il termine ses travaux du Camp Nou \u00e0&hellip;\n","protected":false},"author":2,"featured_media":382550,"comment_status":"","ping_status":"","sticky":false,"template":"","format":"standard","meta":{"footnotes":""},"categories":[1410],"tags":[63,1011,27,60],"class_list":{"0":"post-382549","1":"post","2":"type-post","3":"status-publish","4":"format-standard","5":"has-post-thumbnail","7":"category-football","8":"tag-football","9":"tag-fr","10":"tag-france","11":"tag-sports"},"share_on_mastodon":{"url":"https:\/\/pubeurope.com\/@fr\/115185242997634944","error":""},"_links":{"self":[{"href":"https:\/\/www.europesays.com\/fr\/wp-json\/wp\/v2\/posts\/382549","targetHints":{"allow":["GET"]}}],"collection":[{"href":"https:\/\/www.europesays.com\/fr\/wp-json\/wp\/v2\/posts"}],"about":[{"href":"https:\/\/www.europesays.com\/fr\/wp-json\/wp\/v2\/types\/post"}],"author":[{"embeddable":true,"href":"https:\/\/www.europesays.com\/fr\/wp-json\/wp\/v2\/users\/2"}],"replies":[{"embeddable":true,"href":"https:\/\/www.europesays.com\/fr\/wp-json\/wp\/v2\/comments?post=382549"}],"version-history":[{"count":0,"href":"https:\/\/www.europesays.com\/fr\/wp-json\/wp\/v2\/posts\/382549\/revisions"}],"wp:featuredmedia":[{"embeddable":true,"href":"https:\/\/www.europesays.com\/fr\/wp-json\/wp\/v2\/media\/382550"}],"wp:attachment":[{"href":"https:\/\/www.europesays.com\/fr\/wp-json\/wp\/v2\/media?parent=382549"}],"wp:term":[{"taxonomy":"category","embeddable":true,"href":"https:\/\/www.europesays.com\/fr\/wp-json\/wp\/v2\/categories?post=382549"},{"taxonomy":"post_tag","embeddable":true,"href":"https:\/\/www.europesays.com\/fr\/wp-json\/wp\/v2\/tags?post=382549"}],"curies":[{"name":"wp","href":"https:\/\/api.w.org\/{rel}","templated":true}]}}