{"id":382551,"date":"2025-09-11T10:41:13","date_gmt":"2025-09-11T10:41:13","guid":{"rendered":"https:\/\/www.europesays.com\/fr\/382551\/"},"modified":"2025-09-11T10:41:13","modified_gmt":"2025-09-11T10:41:13","slug":"francois-hollande-confronte-par-michel-cymes","status":"publish","type":"post","link":"https:\/\/www.europesays.com\/fr\/382551\/","title":{"rendered":"Fran\u00e7ois Hollande confront\u00e9 par Michel Cym\u00e8s"},"content":{"rendered":"<p class=\"mb-4 text-lg md:leading-8 break-words\">La polyvalence, Michel Cym\u00e8s la ma\u00eetrise \u00e0 la perfection ! M\u00e9decin reconnu et l\u2019un des visages les plus embl\u00e9matiques de la sant\u00e9 en France, il s\u2019est impos\u00e9 sur les ondes et \u00e0 la t\u00e9l\u00e9vision gr\u00e2ce \u00e0 ses chroniques et \u00e9missions m\u00e9dicales vari\u00e9es. Ancien chirurgien ORL, il a notamment anim\u00e9 Le Magazine de la sant\u00e9, All\u00f4 Docteurs ou encore Les Pouvoirs extraordinaires du corps humain. Depuis 2023, l\u2019\u00e9poux de Nathalie Cymes se fait toutefois plus discret, pour une raison particuli\u00e8re. Invit\u00e9 sur le plateau de C \u00e0 vous le 10 septembre, il est revenu sur sa nouvelle <strong>pi\u00e8ce de th\u00e9\u00e2tre<\/strong>, Secret(s) m\u00e9dical, et a \u00e9galement \u00e9voqu\u00e9 des th\u00e9matiques d\u2019actualit\u00e9 \u00e9troitement li\u00e9es \u00e0 son \u0153uvre.<\/p>\n<p>Michel Cym\u00e8s balance et il ne fait pas dans la dentelle<\/p>\n<p class=\"mb-4 text-lg md:leading-8 break-words\">Michel Cym\u00e8s a d\u00e9taill\u00e9 sur le plateau le fil conducteur de sa pi\u00e8ce Secret(s) m\u00e9dical, en insistant sur le poids du secret m\u00e9dical : \u00ab\u00a0Le code de <strong>d\u00e9ontologie<\/strong>, qui est notre bible en tant que m\u00e9decin pour exercer, est tr\u00e8s clair sur le <strong>secret m\u00e9dical<\/strong>. Un m\u00e9decin ne doit pas parler d&rsquo;un patient, y compris \u00e0 un confr\u00e8re, si ce n&rsquo;est pas dans l&rsquo;int\u00e9r\u00eat du patient\u00a0\u00bb. Mais, a-t-il ajout\u00e9, \u00ab\u00a0en g\u00e9n\u00e9ral, les m\u00e9decins aiment bien se faire mousser, ils disent &lsquo;Ah bah tiens, tu sais pas (&#8230;)<a href=\"https:\/\/www.closermag.fr\/people\/besoin-dun-psychiatre-francois-hollande-confronte-par-michel-cymes-3578672\" rel=\"nofollow noopener\" target=\"_blank\" data-ylk=\"slk:Lire la suite sur Closer;elm:context_link;itc:0;sec:content-canvas\" class=\"link \">Lire la suite sur Closer<\/a><a href=\"https:\/\/www.closermag.fr\/people\/brigitte-bardot-ca-commence-a-faire-beaucoup-son-mari-bernard-dormale-sort-du-silence-et-sinquiete-3578719\" rel=\"nofollow noopener\" target=\"_blank\" data-ylk=\"slk:Brigitte Bardot : &quot;\u00c7a commence \u00e0 faire beaucoup&quot;, son mari Bernard d&#039;Ormale sort du silence et s&#039;inqui\u00e8te;elm:context_link;itc:0;sec:content-canvas\" class=\"link \">Brigitte Bardot : \u00ab\u00a0\u00c7a commence \u00e0 faire beaucoup\u00a0\u00bb, son mari Bernard d&rsquo;Ormale sort du silence et s&rsquo;inqui\u00e8te<\/a><br \/><a href=\"https:\/\/www.closermag.fr\/royautes\/harry-solo-en-angleterre-depuis-les-usa-le-discret-message-de-meghan-markle-3578711\" rel=\"nofollow noopener\" target=\"_blank\" data-ylk=\"slk:Harry solo en Angleterre : depuis les USA, le discret message de Meghan Markle;elm:context_link;itc:0;sec:content-canvas\" class=\"link \">Harry solo en Angleterre : depuis les USA, le discret message de Meghan Markle<\/a><br \/><a href=\"https:\/\/www.closermag.fr\/people\/florent-pagny-face-au-cancer-a-la-prise-de-sang-on-ma-dit-il-leve-le-voile-sur-son-etat-de-sante-3578700\" rel=\"nofollow noopener\" target=\"_blank\" data-ylk=\"slk:Florent Pagny face au cancer : &quot;A la prise de sang on m&#039;a dit...&quot;, il l\u00e8ve le voile sur son \u00e9tat de sant\u00e9;elm:context_link;itc:0;sec:content-canvas\" class=\"link \">Florent Pagny face au cancer : \u00ab\u00a0A la prise de sang on m&rsquo;a dit&#8230;\u00a0\u00bb, il l\u00e8ve le voile sur son \u00e9tat de sant\u00e9<\/a><br \/><a href=\"https:\/\/www.closermag.fr\/royautes\/kate-middleton-devenue-blonde-tout-sauf-modernes-ca-peste-severe-sur-son-nouveau-look-3578692\" rel=\"nofollow noopener\" target=\"_blank\" data-ylk=\"slk:Kate Middleton devenue blonde : \u201ctout sauf modernes\u2026\u201d, \u00e7a peste s\u00e9v\u00e8re sur son nouveau look;elm:context_link;itc:0;sec:content-canvas\" class=\"link \">Kate Middleton devenue blonde : \u201ctout sauf modernes\u2026\u201d, \u00e7a peste s\u00e9v\u00e8re sur son nouveau look<\/a><br \/><a href=\"https:\/\/www.closermag.fr\/people\/anne-sophie-lapix-plus-libre-apres-son-eviction-de-france-2-elle-dit-tout-ce-quelle-pense-3578697\" rel=\"nofollow noopener\" target=\"_blank\" data-ylk=\"slk:Anne-Sophie Lapix \u201cplus libre\u201d : apr\u00e8s son \u00e9viction de France 2, elle dit tout ce qu\u2019elle pense;elm:context_link;itc:0;sec:content-canvas\" class=\"link \">Anne-Sophie Lapix \u201cplus libre\u201d : apr\u00e8s son \u00e9viction de France 2, elle dit tout ce qu\u2019elle pense<\/a><\/p>\n","protected":false},"excerpt":{"rendered":"La polyvalence, Michel Cym\u00e8s la ma\u00eetrise \u00e0 la perfection ! M\u00e9decin reconnu et l\u2019un des visages les plus&hellip;\n","protected":false},"author":2,"featured_media":382552,"comment_status":"","ping_status":"","sticky":false,"template":"","format":"standard","meta":{"footnotes":""},"categories":[1359],"tags":[58,59,1011,27,11712,51553,973,51554],"class_list":{"0":"post-382551","1":"post","2":"type-post","3":"status-publish","4":"format-standard","5":"has-post-thumbnail","7":"category-people","8":"tag-divertissement","9":"tag-entertainment","10":"tag-fr","11":"tag-france","12":"tag-michel-cymes","13":"tag-nathalie-cymes","14":"tag-people","15":"tag-secret-medical"},"share_on_mastodon":{"url":"https:\/\/pubeurope.com\/@fr\/115185246867600959","error":""},"_links":{"self":[{"href":"https:\/\/www.europesays.com\/fr\/wp-json\/wp\/v2\/posts\/382551","targetHints":{"allow":["GET"]}}],"collection":[{"href":"https:\/\/www.europesays.com\/fr\/wp-json\/wp\/v2\/posts"}],"about":[{"href":"https:\/\/www.europesays.com\/fr\/wp-json\/wp\/v2\/types\/post"}],"author":[{"embeddable":true,"href":"https:\/\/www.europesays.com\/fr\/wp-json\/wp\/v2\/users\/2"}],"replies":[{"embeddable":true,"href":"https:\/\/www.europesays.com\/fr\/wp-json\/wp\/v2\/comments?post=382551"}],"version-history":[{"count":0,"href":"https:\/\/www.europesays.com\/fr\/wp-json\/wp\/v2\/posts\/382551\/revisions"}],"wp:featuredmedia":[{"embeddable":true,"href":"https:\/\/www.europesays.com\/fr\/wp-json\/wp\/v2\/media\/382552"}],"wp:attachment":[{"href":"https:\/\/www.europesays.com\/fr\/wp-json\/wp\/v2\/media?parent=382551"}],"wp:term":[{"taxonomy":"category","embeddable":true,"href":"https:\/\/www.europesays.com\/fr\/wp-json\/wp\/v2\/categories?post=382551"},{"taxonomy":"post_tag","embeddable":true,"href":"https:\/\/www.europesays.com\/fr\/wp-json\/wp\/v2\/tags?post=382551"}],"curies":[{"name":"wp","href":"https:\/\/api.w.org\/{rel}","templated":true}]}}