{"id":382553,"date":"2025-09-11T10:42:11","date_gmt":"2025-09-11T10:42:11","guid":{"rendered":"https:\/\/www.europesays.com\/fr\/382553\/"},"modified":"2025-09-11T10:42:11","modified_gmt":"2025-09-11T10:42:11","slug":"depuis-30-ans-jeannette-guichard-bunel-expose-ses-toiles-de-peinture-dans-le-monde-entier","status":"publish","type":"post","link":"https:\/\/www.europesays.com\/fr\/382553\/","title":{"rendered":"Depuis 30 ans, Jeannette Guichard-Bunel expose ses toiles de peinture dans le monde entier"},"content":{"rendered":"<p>            Par<br \/>\n        <strong><br \/>\n            <a href=\"https:\/\/actu.fr\/auteur\/redaction-pressemanche\" title=\"Consulter tous les articles de R\u00e9daction La Presse de la Manche\" rel=\"nofollow noopener\" target=\"_blank\">R\u00e9daction La Presse de la Manche<\/a><br \/>\n        <\/strong><\/p>\n<p>        Publi\u00e9 le<\/p>\n<p>            11 sept. 2025 \u00e0 6h40        <\/p>\n<p data-end=\"892\">Originaire de <a href=\"https:\/\/actu.fr\/normandie\/cherbourg-en-cotentin_50129\" rel=\"nofollow noopener\" target=\"_blank\">Cherbourg <\/a>(Manche), Jeannette Guichard-Bunel pr\u00e9sentera une soixantaine de ses toiles \u00e0 l\u2019occasion de la premi\u00e8re <a href=\"https:\/\/www.lesjourneesnationalesdesartistes.fr\/\" rel=\"nofollow noopener\" target=\"_blank\">Journ\u00e9e nationale des artistes<\/a>, organis\u00e9e par la Maison des artistes et plac\u00e9e sous le patronage du <a href=\"https:\/\/www.culture.gouv.fr\/fr\" rel=\"nofollow noopener\" target=\"_blank\">minist\u00e8re de la Culture<\/a>.<\/p>\n<p data-end=\"892\" class=\" wall-content\">Pour cet \u00e9v\u00e9nement, elle ouvrira les portes de son atelier les <b>samedi\u00a013<\/b> et <b>dimanche 14\u00a0septembre 2025<\/b>, invitant<b> le public<\/b> \u00e0 une <b>r\u00e9trospective <\/b>retra\u00e7ant plus de trente ann\u00e9es de <b>cr\u00e9ation picturale<\/b>. Ses <b>\u0153uvres <\/b>d\u00e9voileront les <b>grands th\u00e8mes<\/b> qui ont jalonn\u00e9 son univers\u2009: l\u2019enfance, les ethnies du monde, les anges, l\u2019imaginaire spirituel, les toons et l\u2019humour, les femmes et les pin-up.<\/p>\n<p>Une amiti\u00e9 profonde avec Serge Reggiani<\/p>\n<p data-end=\"1518\" class=\" wall-content\">D\u2019abord <b>gymnaste <\/b>de <b>haut niveau<\/b>, puis <b>professeure d\u2019EPS<\/b>, Jeannette Guichard-Bunel s\u2019est mise \u00e0 la <b>peinture <\/b>par <b>passion <\/b>et par <b>plaisir <\/b>en 1983. En 1991, elle int\u00e8gre la prestigieuse galerie Vekava, \u00e0 la Bastille (<a href=\"https:\/\/actu.fr\/paris\/\" rel=\"nofollow noopener\" target=\"_blank\">Paris<\/a>), o\u00f9 elle croise le chemin de Serge Reggiani.<\/p>\n<p data-end=\"1518\" class=\" wall-content\">Artiste aux <b>multiples talents<\/b>, le <b>c\u00e9l\u00e8bre interpr\u00e8te <\/b>expose lui aussi ses toiles et une amiti\u00e9 profonde na\u00eet entre eux. C\u2019est dans cette galerie que <b>son exposition<\/b> consacr\u00e9e \u00e0 \u00ab\u2009La femme noire \u00e0 travers le monde\u2009\u00bb rencontre un<b> vif succ\u00e8s <\/b>et sert m\u00eame \u00e0 la promotion du nouvel album de Tonton David. Cette p\u00e9riode marque le v\u00e9ritable lancement de sa <b>carri\u00e8re<\/b>.<\/p>\n<p>    <a href=\"https:\/\/www.facebook.com\/plugins\/post.php?href=https%3A%2F%2Fwww.facebook.com%2FJeannetteGuichardBunelPeintures%2Fposts%2Fpfbid02DVFiTsWNeDKPb2m2HWLNFeHhJ1modma3sTqGXhoEjktsiPGdwhvCqSHZSnk9cdh5l&amp;show_text=true&amp;width=350\" title=\"Ouvrie le lien\" rel=\"nofollow noopener\" target=\"_blank\">Cliquez ici pour visualiser le contenu<\/a><\/p>\n<p data-end=\"2250\" class=\" wall-content\">\u00c0 partir de <b>2003<\/b>, ses somptueuses toiles aux couleurs lumineuses sont expos\u00e9es dans de <b>nombreuses galeries<\/b> en <b>France <\/b>et \u00e0 <b>l\u2019\u00e9tranger <\/b>(Allemagne, Hongrie, Nouvelle-Cal\u00e9donie, \u00c9tats-Unis, Suisse ou Guadeloupe).<\/p>\n<p data-end=\"2250\" class=\" wall-content\">Sa <b>notori\u00e9t\u00e9 <\/b>grandit dans le monde de l\u2019art, au point que la galerie N\u00e9el de <a href=\"https:\/\/actu.fr\/provence-alpes-cote-d-azur\/cannes_06029\" rel=\"nofollow noopener\" target=\"_blank\">Cannes <\/a>lui propose d\u2019exposer ses \u0153uvres au mythique h\u00f4tel Carlton, <b>lieu de l\u00e9gende<\/b> qui a vu passer les <b>plus grandes stars<\/b> du <b>cin\u00e9ma <\/b>et de la <b>chanson<\/b>.<\/p>\n<p>Les sculptures de son mari Jean-Pierre<\/p>\n<p data-end=\"2250\" class=\" wall-content\">Alors qu\u2019elle ne devait y pr\u00e9senter ses toiles que pour trois mois, elles y resteront finalement trois ans. En 2013, pour<b> le centenaire<\/b> de <b>l\u2019h\u00f4tel<\/b>, on lui demande de r\u00e9aliser une s\u00e9rie sur le th\u00e8me du cin\u00e9ma. Certaines de ces toiles seront visibles dans son atelier \u00e0 l\u2019occasion de l\u2019\u00e9v\u00e9nement.<\/p>\n<p>Votre r\u00e9gion, votre actu !<\/p>\n<p>Recevez chaque jour les infos qui comptent pour vous.<\/p>\n<p>\t<a href=\"https:\/\/actu.fr\/newsletter\" class=\"ac-btn ac-btn--corner ac-btn--medium ac-btn--blue800\" rel=\"nofollow noopener\" target=\"_blank\">S&rsquo;incrire<\/a><\/p>\n<p data-end=\"2834\" class=\" wall-content\">Avant de repartir pour un<b> long voyage <\/b>\u00e0 travers le <b>monde<\/b>, Jeannette Guichard-Bune propose chaque ann\u00e9e de faire d\u00e9couvrir ses toiles aux couleurs vives et chatoyantes aux Cherbourgeois. Son atelier n\u2019est ouvert que depuis 2013, et certaines peintures n\u2019ont encore jamais \u00e9t\u00e9 pr\u00e9sent\u00e9es.<\/p>\n<p data-end=\"2834\" class=\" wall-content\">Lors de cette visite, vous aurez \u00e9galement l\u2019occasion de d\u00e9couvrir les <b>sculptures <\/b>en bronze, r\u00e9sine et bois de son mari, Jean-Pierre, qui l\u2019a toujours soutenue et reste son <b>admirateur inconditionnel<\/b>. Si vous souhaitez <b>\u00e9changer <\/b>avec l\u2019artiste et plonger dans l\u2019univers singulier de ses \u0153uvres, ne manquez pas ce<b> rendez-vous unique<\/b>.<\/p>\n<p data-end=\"2834\" class=\" wall-content\"><b>De notre correspondante Aurore VIGOUROUX<\/b><\/p>\n<p>Op\u00e9ration portes ouvertes \u00e0 l\u2019atelier de Jeannette Guichard-Bunel, 401 D, chemin des Fontaines, les samedi\u00a013 et dimanche 14\u00a0septembre, de 14\u2009h \u00e0 19\u2009h ou sur rendez-vous au 06\u200970\u200986\u200920\u200981. Plus d\u2019infos sur <a href=\"https:\/\/www.jeannetteguichardbunel.com\/\" rel=\"nofollow noopener\" target=\"_blank\">www.jeannette guichardbunel.com <\/a>ou la<a href=\"https:\/\/www.facebook.com\/JeannetteGuichardBunelPeintures\/?locale=fr_FR\" rel=\"nofollow noopener\" target=\"_blank\"> page Facebook <\/a>de l\u2019artiste.<\/p>\n<p class=\" wall-content\">Personnalisez votre actualit\u00e9 en ajoutant vos villes et m\u00e9dias en favori avec <a href=\"https:\/\/moncompte.actu.fr\" title=\"D\u00e9couvez Mon Actu\" rel=\"nofollow noopener\" data-trk=\"{&quot;cta&quot;:{&quot;action&quot;:&quot;https:\\\/\\\/moncompte.actu.fr&quot;,&quot;category&quot;:&quot;mon compte&quot;,&quot;from&quot;:&quot;article footer&quot;,&quot;name&quot;:&quot;Mon actu&quot;,&quot;type&quot;:&quot;cta&quot;}}\" target=\"_blank\">Mon Actu<\/a>.<\/p>\n","protected":false},"excerpt":{"rendered":"Par R\u00e9daction La Presse de la Manche Publi\u00e9 le 11 sept. 2025 \u00e0 6h40 Originaire de Cherbourg (Manche),&hellip;\n","protected":false},"author":2,"featured_media":382554,"comment_status":"","ping_status":"","sticky":false,"template":"","format":"standard","meta":{"footnotes":""},"categories":[1358],"tags":[1348,1384,1385,3168,1386,58,59,1011,27,1652],"class_list":{"0":"post-382553","1":"post","2":"type-post","3":"status-publish","4":"format-standard","5":"has-post-thumbnail","7":"category-arts-et-design","8":"tag-arts","9":"tag-arts-and-design","10":"tag-arts-et-design","11":"tag-cotentin","12":"tag-design","13":"tag-divertissement","14":"tag-entertainment","15":"tag-fr","16":"tag-france","17":"tag-loisirs-culture"},"share_on_mastodon":{"url":"https:\/\/pubeurope.com\/@fr\/115185250826431793","error":""},"_links":{"self":[{"href":"https:\/\/www.europesays.com\/fr\/wp-json\/wp\/v2\/posts\/382553","targetHints":{"allow":["GET"]}}],"collection":[{"href":"https:\/\/www.europesays.com\/fr\/wp-json\/wp\/v2\/posts"}],"about":[{"href":"https:\/\/www.europesays.com\/fr\/wp-json\/wp\/v2\/types\/post"}],"author":[{"embeddable":true,"href":"https:\/\/www.europesays.com\/fr\/wp-json\/wp\/v2\/users\/2"}],"replies":[{"embeddable":true,"href":"https:\/\/www.europesays.com\/fr\/wp-json\/wp\/v2\/comments?post=382553"}],"version-history":[{"count":0,"href":"https:\/\/www.europesays.com\/fr\/wp-json\/wp\/v2\/posts\/382553\/revisions"}],"wp:featuredmedia":[{"embeddable":true,"href":"https:\/\/www.europesays.com\/fr\/wp-json\/wp\/v2\/media\/382554"}],"wp:attachment":[{"href":"https:\/\/www.europesays.com\/fr\/wp-json\/wp\/v2\/media?parent=382553"}],"wp:term":[{"taxonomy":"category","embeddable":true,"href":"https:\/\/www.europesays.com\/fr\/wp-json\/wp\/v2\/categories?post=382553"},{"taxonomy":"post_tag","embeddable":true,"href":"https:\/\/www.europesays.com\/fr\/wp-json\/wp\/v2\/tags?post=382553"}],"curies":[{"name":"wp","href":"https:\/\/api.w.org\/{rel}","templated":true}]}}