{"id":382555,"date":"2025-09-11T10:43:14","date_gmt":"2025-09-11T10:43:14","guid":{"rendered":"https:\/\/www.europesays.com\/fr\/382555\/"},"modified":"2025-09-11T10:43:14","modified_gmt":"2025-09-11T10:43:14","slug":"beauvais-un-salon-du-livre-chretien-organise-dans-la-cathedrale","status":"publish","type":"post","link":"https:\/\/www.europesays.com\/fr\/382555\/","title":{"rendered":"Beauvais. Un salon du livre chr\u00e9tien organis\u00e9 dans la cath\u00e9drale"},"content":{"rendered":"<p><img fetchpriority=\"high\" decoding=\"async\" width=\"1024\" height=\"575\" src=\"https:\/\/www.europesays.com\/fr\/wp-content\/uploads\/2025\/09\/beauvais-julien-serey-manon-faburel-salon-livre-chretien-1024x575.jpg\" alt=\"Photo de Julien Serey et Manon Faburel qui montrent l'affiche du salon dans la librairie La Procure.\" class=\"wp-image-203857\"  \/>Julien Serey du dioc\u00e8se et Manon Faburel de la librairie La Procure pr\u00e9sentent l\u2019affiche du 1er salon du livre chr\u00e9tien qui aura lieu les 20 et 21 septembre \u00e0 Beauvais.<\/p>\n<p>Samedi 20 et dimanche 21 septembre, la librairie La Procure et le dioc\u00e8se organisent pour la premi\u00e8re fois un <strong>salon du livre chr\u00e9tien<\/strong> \u00e0 <strong>Beauvais<\/strong>. Celui-ci prendra directement place dans la <strong>cath\u00e9drale<\/strong> \u00e0 l\u2019occasion des 800\u00a0ans du monument. Au total, 35 auteurs seront pr\u00e9sents sur les deux jours du salon. Dix d\u2019entre eux viennent de l\u2019Oise. Des conf\u00e9rences seront aussi organis\u00e9es tout le week-end sur le th\u00e8me de la saintet\u00e9, alors que plusieurs personnes sont actuellement canonis\u00e9es ou en voie de l\u2019\u00eatre.<\/p>\n<p>Le dimanche matin c\u2019est une visite \u00e0 deux voix de l\u2019atelier d\u2019arts sacr\u00e9s qui sera propos\u00e9e dans le Mudo, juste \u00e0 c\u00f4t\u00e9 de la cath\u00e9drale. Le programme complet sera prochainement affich\u00e9 sur le site du dioc\u00e8se et<a href=\"https:\/\/www.facebook.com\/jacques.benoitgonnin\" target=\"_blank\" rel=\"noreferrer noopener nofollow\"> le Facebook de l\u2019\u00e9v\u00eaque <\/a>Jacques Benoit-Gonnin.<\/p>\n<p>Des nouveaut\u00e9s litt\u00e9raires<\/p>\n<p>Dans la petite librairie, rue de la Madelaine \u00e0 Beauvais, Manon Faburel et Julien Serey ont h\u00e2te de cet \u00e9v\u00e9nement. \u00abDe la part des auteurs, on a quand-m\u00eame eu un bon accueil, savoure Julien Serey, qui g\u00e8re la communication du dioc\u00e8se. Il y aura 35 auteurs d\u2019horizons tr\u00e8s divers. Et certains \u00e9diteurs proposent des livres qui ne sont pas encore sortis, et qui seront l\u00e0, sur le salon.\u00bb<\/p>\n<p>C\u2019est le cas par exemple du livre d\u2019\u00c9meric Saucourt-Harmel sur son a\u00efeul L\u00e9on Harmel\u00a0: L\u2019origine catholique de la paix social dans le monde contemporain. Cette biographie ne devrait \u00eatre accessible au public que fin septembre. Mais son auteur, de Senlis, sera pr\u00e9sent sur le salon pour vendre son r\u00e9cit en avant-premi\u00e8re.<\/p>\n<p>Et du th\u00e9\u00e2tre<\/p>\n<p>Avant \u00e7a, le vendredi 19 septembre, le salon s\u2019ouvrira par une pi\u00e8ce de th\u00e9\u00e2tre \u00e0 21\u00a0h dans l\u2019\u00e9glise Saint-\u00c9tienne, toujours \u00e0 Beauvais. C\u2019est la troupe P\u2019tits Louis de l\u2019Espoir, de la paroisse de Chambly, qui interpr\u00e9tera la pi\u00e8ce La Passion du Christ. L\u2019entr\u00e9e est libre.<\/p>\n<p>Comme pour le salon, d\u2019ailleurs, l\u2019entr\u00e9e et les animations sont gratuites. Seuls les livres seront en vente. Il sera ouvert de 10\u00a0h \u00e0 18\u00a0h pendant les deux jours. Et si le public est au rendez-vous, il pourrait bien \u00eatre p\u00e9rennis\u00e9. C\u2019est en tout cas la volont\u00e9 des organisateurs, mais cela d\u00e9pend de la r\u00e9ussite du rendez-vous.<\/p>\n","protected":false},"excerpt":{"rendered":"Julien Serey du dioc\u00e8se et Manon Faburel de la librairie La Procure pr\u00e9sentent l\u2019affiche du 1er salon du&hellip;\n","protected":false},"author":2,"featured_media":382556,"comment_status":"","ping_status":"","sticky":false,"template":"","format":"standard","meta":{"footnotes":""},"categories":[1357],"tags":[1379,58,59,1011,27,1380],"class_list":{"0":"post-382555","1":"post","2":"type-post","3":"status-publish","4":"format-standard","5":"has-post-thumbnail","7":"category-livres","8":"tag-books","9":"tag-divertissement","10":"tag-entertainment","11":"tag-fr","12":"tag-france","13":"tag-livres"},"share_on_mastodon":{"url":"https:\/\/pubeurope.com\/@fr\/115185255341523716","error":""},"_links":{"self":[{"href":"https:\/\/www.europesays.com\/fr\/wp-json\/wp\/v2\/posts\/382555","targetHints":{"allow":["GET"]}}],"collection":[{"href":"https:\/\/www.europesays.com\/fr\/wp-json\/wp\/v2\/posts"}],"about":[{"href":"https:\/\/www.europesays.com\/fr\/wp-json\/wp\/v2\/types\/post"}],"author":[{"embeddable":true,"href":"https:\/\/www.europesays.com\/fr\/wp-json\/wp\/v2\/users\/2"}],"replies":[{"embeddable":true,"href":"https:\/\/www.europesays.com\/fr\/wp-json\/wp\/v2\/comments?post=382555"}],"version-history":[{"count":0,"href":"https:\/\/www.europesays.com\/fr\/wp-json\/wp\/v2\/posts\/382555\/revisions"}],"wp:featuredmedia":[{"embeddable":true,"href":"https:\/\/www.europesays.com\/fr\/wp-json\/wp\/v2\/media\/382556"}],"wp:attachment":[{"href":"https:\/\/www.europesays.com\/fr\/wp-json\/wp\/v2\/media?parent=382555"}],"wp:term":[{"taxonomy":"category","embeddable":true,"href":"https:\/\/www.europesays.com\/fr\/wp-json\/wp\/v2\/categories?post=382555"},{"taxonomy":"post_tag","embeddable":true,"href":"https:\/\/www.europesays.com\/fr\/wp-json\/wp\/v2\/tags?post=382555"}],"curies":[{"name":"wp","href":"https:\/\/api.w.org\/{rel}","templated":true}]}}