{"id":382557,"date":"2025-09-11T10:44:12","date_gmt":"2025-09-11T10:44:12","guid":{"rendered":"https:\/\/www.europesays.com\/fr\/382557\/"},"modified":"2025-09-11T10:44:12","modified_gmt":"2025-09-11T10:44:12","slug":"audiences-cnews-pulverise-son-record-historique-avec-bloquons-tout-bfmtv-puissante-mais-distancee-franceinfo-au-sommet","status":"publish","type":"post","link":"https:\/\/www.europesays.com\/fr\/382557\/","title":{"rendered":"Audiences : CNews pulv\u00e9rise son record historique avec \u00ab\u00a0Bloquons tout\u00a0\u00bb, BFMTV puissante mais distanc\u00e9e, Franceinfo au sommet"},"content":{"rendered":"<p>La suite apr\u00e8s la publicit\u00e9<\/p>\n<p><a href=\"https:\/\/www.ozap.com\/actu\/audiences-au-soir-de-bloquons-tout-lea-salame-mene-le-20-heures-de-france-2-a-son-plus-haut-niveau-depuis-plus-de-quatre-mois\/651557\" rel=\"nofollow noopener\" target=\"_blank\">Couverture en direct du mouvement \u00ab\u00a0Bloquons tout !\u00a0\u00bb<\/a>, <a href=\"https:\/\/www.ozap.com\/actu\/audiences-la-chute-de-francois-bayrou-sert-de-tremplin-a-cnews-leader-devant-bfmtv-franceinfo-a-son-plus-haut-depuis-les-gilets-jaunes-il-y-a-7-ans\/651524\" rel=\"nofollow noopener\" target=\"_blank\">passation entre Fran\u00e7ois Bayrou et S\u00e9bastien Lecornu \u00e0 Matignon<\/a>, assassinat du militant ultraconservateur Charlie Kirk aux \u00c9tats-Unis&#8230; En \u00e9dition sp\u00e9ciale l&rsquo;essentiel de la journ\u00e9e, les cha\u00eenes info ont \u00e9t\u00e9 largement pl\u00e9biscit\u00e9es ce mercredi 10 septembre 2025. Le total cha\u00eenes info s&rsquo;\u00e9l\u00e8ve \u00e0&#8230; 17%.<\/p>\n<p>CNews \u00e0 moins d&rsquo;un point de M6, 2 points pour Franceinfo<\/p>\n<p>CNews (<strong>6,3%<\/strong>), \u00e9crasant leader, a pulv\u00e9ris\u00e9 sa part d&rsquo;audience historique sur un jour. Celle-ci remontait, pour rappel, au 31 mars 2025 (5,0%), <a href=\"https:\/\/www.ozap.com\/actu\/audiences-journee-historique-pour-cnews-grace-a-la-condamnation-de-marine-le-pen-bfmtv-a-un-haut-niveau-mais-distancee\/649333\" rel=\"nofollow noopener\" target=\"_blank\">date de la condamnation de Marine Le Pen<\/a>. Le canal 14, cinqui\u00e8me cha\u00eene de France, se situe \u00e0 0,9 point de part d&rsquo;audience \u00e0 peine de M6 (<strong>7,2%<\/strong> de part d&rsquo;audience hier). Puissante mais distanc\u00e9e, BFMTV a f\u00e9d\u00e9r\u00e9, quant \u00e0 elle,<strong> 5,3% <\/strong>des t\u00e9l\u00e9spectateurs en moyenne sur l&rsquo;ensemble de la journ\u00e9e.<\/p>\n<p>Troisi\u00e8me, LCI (<strong>3,4%<\/strong>) franchit le seuil des 3 points de part d&rsquo;audience. Au sommet, Franceinfo (<strong>2,0%<\/strong>) atteint la barre des 2 points de part d&rsquo;audience pour la premi\u00e8re fois de son histoire. La cha\u00eene publique surpasse son record historique fix\u00e9 le vendredi 25 f\u00e9vrier 2022, au lendemain du lancement des hostilit\u00e9s en Ukraine.<\/p>\n<p>Pascal Praud plus puissant que Cyril Hanouna \u00e0 20h<\/p>\n<p>CNews surclasse encore BFMTV sur son terrain de jeu, la couverture des grands \u00e9v\u00e9nements en direct. Si \u00ab\u00a0BFM premi\u00e8re\u00a0\u00bb, matinale pr\u00e9sent\u00e9e par Dominique Tenza et Perrine Storme, revendique le leadership entre 6h et 8h33, et \u00ab\u00a0Le face \u00e0 face\u00a0\u00bb d&rsquo;Apolline de Malherbe est \u00e0 un haut niveau (655.000 t\u00e9l\u00e9spectateurs, soit 16,3% du public), le rapport de force s&rsquo;inverse d\u00e8s 9h, heure de la prise d&rsquo;antenne de Pascal Praud pour \u00ab\u00a0L&rsquo;heure des pros\u00a0\u00bb.<\/p>\n<p>CNews a surtout fait la diff\u00e9rence en fin d&rsquo;apr\u00e8s-midi. Entre 16h50 et 18h50, 640.000 t\u00e9l\u00e9spectateurs (7,6% du public) \u00e9taient branch\u00e9s sur la cha\u00eene du groupe de Vincent Bollor\u00e9, contre 492.000 (5,9% du public) sur BFMTV. Alain Marschall et Olivier Truchot sont talonn\u00e9s dans cette tranche par LCI (414.000 t\u00e9l\u00e9spectateurs, 4,9% du public). \u00ab\u00a060 minutes Fauvelle\u00a0\u00bb, elle, est largement battue par CNews mais aussi par la cha\u00eene info du groupe TF1. Entre 20h05 et 20h55, \u00ab\u00a0L&rsquo;heure des pros 2\u00a0\u00bb, pr\u00e9sent\u00e9 par Pascal Praud, domine outrageusement ses concurrentes avec 1,16 million de t\u00e9l\u00e9spectateurs (5,8% du public), son record d&rsquo;audience historique. L&rsquo;\u00e9mission, plus puissante que \u00ab\u00a0Tout beau, tout n9uf\u00a0\u00bb, le talk de Cyril Hanouna sur W9, d\u00e9passe le million de t\u00e9l\u00e9spectateurs pour la troisi\u00e8me journ\u00e9e cons\u00e9cutive.<\/p>\n<p>Plusieurs autres programmes de la cha\u00eene signent leur record historique : \u00ab\u00a0Morandini Live\u00a0\u00bb (586.000 t\u00e9l\u00e9spectateurs entre 10h38 et 11h50), \u00ab\u00a0Midi News\u00a0\u00bb (639.000 t\u00e9l\u00e9spectateurs, 6,4% du public entre 12h et 13h50), \u00ab\u00a0180 minutes info\u00a0\u00bb (481.000 t\u00e9l\u00e9spectateurs, 7,5% du public entre 14h00 et 16h50), \u00ab\u00a0Punchline\u00a0\u00bb (7,6% du public entre 17h00 et 18h56) et \u00ab\u00a0100% politique\u00a0\u00bb (392.000 t\u00e9l\u00e9spectateurs, 2,8% du public entre 21h00 et 23h50).<\/p>\n<p>Le chass\u00e9-crois\u00e9 Bayrou\/Lecornu rassemble plus sur CNews que BFMTV<\/p>\n<p>Autre \u00e9v\u00e9nement, l&rsquo;arriv\u00e9e \u00e0 Matignon de S\u00e9bastien Lecornu, proche d&rsquo;Emmanuel Macron depuis l&rsquo;\u00e9lection pr\u00e9sidentielle de 2017, a r\u00e9uni 2,16 millions de t\u00e9l\u00e9spectateurs sur les quatre cha\u00eenes info entre 12h00 et 12h58, selon M\u00e9diam\u00e9trie. CNews a l\u00e0 aussi domin\u00e9 la concurrence, rassemblant 771.000 t\u00e9l\u00e9spectateurs (7,1% du public) contre 657.000 (6,0% du public) pour BFMTV, 433.000 (4,0% du public) pour LCI et 297.000 (2,7% du public) pour Franceinfo.\u00a0<\/p>\n","protected":false},"excerpt":{"rendered":"La suite apr\u00e8s la publicit\u00e9 Couverture en direct du mouvement \u00ab\u00a0Bloquons tout !\u00a0\u00bb, passation entre Fran\u00e7ois Bayrou et&hellip;\n","protected":false},"author":2,"featured_media":382558,"comment_status":"","ping_status":"","sticky":false,"template":"","format":"standard","meta":{"footnotes":""},"categories":[1356],"tags":[58,59,1011,27,252,1364],"class_list":{"0":"post-382557","1":"post","2":"type-post","3":"status-publish","4":"format-standard","5":"has-post-thumbnail","7":"category-television","8":"tag-divertissement","9":"tag-entertainment","10":"tag-fr","11":"tag-france","12":"tag-television","13":"tag-tv"},"share_on_mastodon":{"url":"https:\/\/pubeurope.com\/@fr\/115185258623058922","error":""},"_links":{"self":[{"href":"https:\/\/www.europesays.com\/fr\/wp-json\/wp\/v2\/posts\/382557","targetHints":{"allow":["GET"]}}],"collection":[{"href":"https:\/\/www.europesays.com\/fr\/wp-json\/wp\/v2\/posts"}],"about":[{"href":"https:\/\/www.europesays.com\/fr\/wp-json\/wp\/v2\/types\/post"}],"author":[{"embeddable":true,"href":"https:\/\/www.europesays.com\/fr\/wp-json\/wp\/v2\/users\/2"}],"replies":[{"embeddable":true,"href":"https:\/\/www.europesays.com\/fr\/wp-json\/wp\/v2\/comments?post=382557"}],"version-history":[{"count":0,"href":"https:\/\/www.europesays.com\/fr\/wp-json\/wp\/v2\/posts\/382557\/revisions"}],"wp:featuredmedia":[{"embeddable":true,"href":"https:\/\/www.europesays.com\/fr\/wp-json\/wp\/v2\/media\/382558"}],"wp:attachment":[{"href":"https:\/\/www.europesays.com\/fr\/wp-json\/wp\/v2\/media?parent=382557"}],"wp:term":[{"taxonomy":"category","embeddable":true,"href":"https:\/\/www.europesays.com\/fr\/wp-json\/wp\/v2\/categories?post=382557"},{"taxonomy":"post_tag","embeddable":true,"href":"https:\/\/www.europesays.com\/fr\/wp-json\/wp\/v2\/tags?post=382557"}],"curies":[{"name":"wp","href":"https:\/\/api.w.org\/{rel}","templated":true}]}}